{"id":24481,"date":"2019-12-05T09:38:04","date_gmt":"2019-12-05T14:38:04","guid":{"rendered":"http:\/\/awf.world\/?post_type=awf-news&#038;p=24481"},"modified":"2020-04-02T08:27:38","modified_gmt":"2020-04-02T13:27:38","slug":"rendre-gloire-a-dieu-pour-les-grandes-choses-quil-a-faites-en-2019-en-europe-et-au-moyen-orient","status":"publish","type":"awf-news","link":"https:\/\/awf.world\/fr\/awf-news\/rendre-gloire-a-dieu-pour-les-grandes-choses-quil-a-faites-en-2019-en-europe-et-au-moyen-orient\/","title":{"rendered":"Rendre Gloire \u00e0 Dieu pour les Grandes Choses qu\u2019Il a Faites en 2019 en Europe et au Moyen-Orient"},"content":{"rendered":"<p>Ch\u00e8re famille EMERALD et AWF,<\/p>\n<p>Le Comit\u00e9 de Coordination R\u00e9gional (CCR) de EMERALD est encourag\u00e9 \u00e0 voir comment Dieu agit \u00e0 travers la famille de l\u2019Alliance\u00a0Chr\u00e9tienne et Missionnaire dans notre r\u00e9gion, \u00e0 mesure que de nouveaux projets prennent forme et que la mobilisation de la mission se d\u00e9veloppe. Nous prions pour que Dieu soit exalt\u00e9 dans notre r\u00e9gion en \u00e9difiant Son \u00e9glise et en \u00e9largissant Son royaume par le travail de toutes les \u00e9glises nationales de la r\u00e9gion.<\/p>\n<p>L\u2019ann\u00e9e 2019 a \u00e9t\u00e9 tr\u00e8s anim\u00e9e dans la r\u00e9gion EMERALD (Europe et Moyen-Orient) avec de nombreuses b\u00e9n\u00e9dictions.<\/p>\n<p>Le Comit\u00e9 de Coordination R\u00e9gionale de EMERALD a particip\u00e9 \u00e0 la conf\u00e9rence annuelle des pasteurs de l\u2019Union des \u00c9glises de l\u2019ABC Gemeenten en mars 2019 pour faire conna\u00eetre le champ de la mission dans la r\u00e9gion de EMERALD. Ce fut une p\u00e9riode de b\u00e9n\u00e9diction et de joie lorsque la famille Alliance s\u2019est r\u00e9unie aux Pays-Bas.<\/p>\n<p>La Conf\u00e9rence R\u00e9gionale EMERALD 2019 AWF, organis\u00e9e par le MKAD \u00e0 Wiesbaden (Allemagne) en mai 2019, a \u00e9t\u00e9 la plus grande conf\u00e9rence de l\u2019histoire avec plus de 140 d\u00e9l\u00e9gu\u00e9s pr\u00e9sents de la r\u00e9gion et de la famille AWF au sens large, y compris une repr\u00e9sentation de l\u2019Am\u00e9rique latine. Le th\u00e8me de la conf\u00e9rence \u00e9tait \u00ab Vivre les Quatre Piliers de l\u2019\u00c9vangile \u00bb et incluait le Symposium de Th\u00e9ologie de l\u2019Alliance.<\/p>\n<p>Au cours de la conf\u00e9rence, la r\u00e9gion de EMERALD de l\u2019AWF a adopt\u00e9 un nouvel \u00e9nonc\u00e9 de vision pour la r\u00e9gion.<\/p>\n<p><em>\u00ab <\/em><em>La mission de l\u2019Alliance World Fellowship et de la r\u00e9gion EMERALD est de faciliter la coop\u00e9ration entre ses membres (\u00e9glises et organisations) qui \u0153uvrent \u00e0 la r\u00e9alisation de la Grande Commission. \u00bb<\/em><\/p>\n<p><em>\u00ab <\/em><em>La vision de l\u2019Alliance World Fellowship est que EMERALD devient une plateforme de partenariats et de camaraderie centr\u00e9s sur le Royaume au sein de la famille de l\u2019Alliance dans notre r\u00e9gion afin de promouvoir l\u2019\u00c9vangile dans notre travail commun en vue de l\u2019accomplissement de la Grande Commission. \u00bb<\/em><\/p>\n<p>Nous louons Dieu pour Ses provisions et pour les b\u00e9n\u00e9dictions et les encouragements de la conf\u00e9rence.<\/p>\n<p>L\u2019ECMU, l\u2019\u00e9glise de l\u2019Alliance nationale en Russie, a c\u00e9l\u00e9br\u00e9 son 25e anniversaire \u00e0 Krasnodar, en Russie, en mai 2019. Ce fut une p\u00e9riode de grande joie et de c\u00e9l\u00e9bration de la mani\u00e8re dont Dieu a port\u00e9 l\u2019ECMU \u00e0 65 \u00e9glises au total en 25 ans. Le projet de mission de l\u2019ECMU \u00e0 Burgas, en Bulgarie, a \u00e9t\u00e9 adopt\u00e9 en tant que projet des Missions EMERALD avec le soutien financier des \u00e9glises nationales alli\u00e9es de la France et de la Grande-Bretagne. Nous rendons gloire \u00e0 Dieu pour la mani\u00e8re dont les \u00e9glises de l\u2019Alliance travaillent ensemble dans notre r\u00e9gion.<\/p>\n<p>Intitul\u00e9e \u00ab L\u00e8ve les yeux \u00bb, la premi\u00e8re Conf\u00e9rence des missions nationales de la FIACME (CMA Espagne) a eu lieu en Espagne en septembre 2019. Ce fut une b\u00e9n\u00e9diction de voir et de partager comment Dieu mobilise les \u00e9glises de l\u2019alliance espagnole pour la mission.<\/p>\n<p>Le projet de Diaspora de l\u2019Alliance africaine de l\u2019AWF a d\u00e9but\u00e9 en France et en Europe en octobre 2019 avec l\u2019arriv\u00e9e du pasteur Jean Kra de la C\u00f4te d\u2019Ivoire. Il s\u2019agit d\u2019un projet unique o\u00f9 la famille AWF en Afrique et en Europe travaillent ensemble pour \u00e9tablir des liens avec la Diaspora de l\u2019Alliance africaine. Nous louons Dieu d\u2019avoir fourni la vision et les ressources n\u00e9cessaires \u00e0 ce projet important.<\/p>\n<p>La Conf\u00e9rence de la Diaspora de l\u2019Alliance pour la r\u00e9gion s\u2019est tenue en Espagne en octobre 2019 avec la famille de l\u2019Alliance impliqu\u00e9e dans le minist\u00e8re de la Diaspora dans toute l\u2019Europe. Le projet MedLink a \u00e9t\u00e9 lanc\u00e9 pour mobiliser les \u00e9glises de l\u2019Alliance au Moyen-Orient pour le minist\u00e8re de la diaspora en Europe. Nous louons Dieu pour le travail qu\u2019il fait pour d\u00e9velopper le minist\u00e8re de la diaspora dans notre r\u00e9gion.<\/p>\n<p>Nous tenons \u00e0 remercier toutes les personnes de la r\u00e9gion EMERALD pour leur soutien continu, et nous vous souhaitons \u00e0 toutes et \u00e0 tous un No\u00ebl tr\u00e8s heureux et b\u00e9ni.<\/p>\n<p>Pasteur Munther Shahatit (Coordinateur du RCC)<br \/>\nEoghan Cosgrave (Secr\u00e9taire du RCC)<br \/>\nPasteur Yousef Hashweh (Membre du RCC)<br \/>\nPasteur Misha Medvedev (Membre du RCC)<\/p>\n","protected":false},"author":24,"featured_media":24482,"template":"","meta":{"inline_featured_image":false,"ngg_post_thumbnail":0,"_EventAllDay":false,"_EventTimezone":"","_EventStartDate":"","_EventEndDate":"","_EventStartDateUTC":"","_EventEndDateUTC":"","_EventShowMap":false,"_EventShowMapLink":false,"_EventURL":"","_EventCost":"","_EventCostDescription":"","_EventCurrencySymbol":"","_EventCurrencyCode":"","_EventCurrencyPosition":"","_EventDateTimeSeparator":"","_EventTimeRangeSeparator":"","_EventOrganizerID":[],"_EventVenueID":[],"_OrganizerEmail":"","_OrganizerPhone":"","_OrganizerWebsite":"","_VenueAddress":"","_VenueCity":"","_VenueCountry":"","_VenueProvince":"","_VenueState":"","_VenueZip":"","_VenuePhone":"","_VenueURL":"","_VenueStateProvince":"","_VenueLat":"","_VenueLng":"","_VenueShowMap":false,"_VenueShowMapLink":false},"categories":[145,33],"tags":[256,200],"class_list":["post-24481","awf-news","type-awf-news","status-publish","has-post-thumbnail","hentry","category-europe-middle-east","category-news-fr","tag-diaspora-fr","tag-emerald-fr"],"_links":{"self":[{"href":"https:\/\/awf.world\/fr\/wp-json\/wp\/v2\/awf-news\/24481","targetHints":{"allow":["GET"]}}],"collection":[{"href":"https:\/\/awf.world\/fr\/wp-json\/wp\/v2\/awf-news"}],"about":[{"href":"https:\/\/awf.world\/fr\/wp-json\/wp\/v2\/types\/awf-news"}],"author":[{"embeddable":true,"href":"https:\/\/awf.world\/fr\/wp-json\/wp\/v2\/users\/24"}],"wp:featuredmedia":[{"embeddable":true,"href":"https:\/\/awf.world\/fr\/wp-json\/wp\/v2\/media\/24482"}],"wp:attachment":[{"href":"https:\/\/awf.world\/fr\/wp-json\/wp\/v2\/media?parent=24481"}],"wp:term":[{"taxonomy":"category","embeddable":true,"href":"https:\/\/awf.world\/fr\/wp-json\/wp\/v2\/categories?post=24481"},{"taxonomy":"post_tag","embeddable":true,"href":"https:\/\/awf.world\/fr\/wp-json\/wp\/v2\/tags?post=24481"}],"curies":[{"name":"wp","href":"https:\/\/api.w.org\/{rel}","templated":true}]}}