{"id":24420,"date":"2019-11-29T08:31:29","date_gmt":"2019-11-29T13:31:29","guid":{"rendered":"http:\/\/awf.world\/?post_type=awf-news&#038;p=24420"},"modified":"2020-04-02T08:40:07","modified_gmt":"2020-04-02T13:40:07","slug":"message-de-fin-dannee-2019-de-licte","status":"publish","type":"awf-news","link":"https:\/\/awf.world\/fr\/awf-news\/message-de-fin-dannee-2019-de-licte\/","title":{"rendered":"Message de Fin d\u2019Ann\u00e9e 2019 de l\u2019ICTE"},"content":{"rendered":"<p style=\"text-align: justify;\">Salutations Famille de l\u2019Alliance Mondiale,<\/p>\n<p style=\"text-align: justify;\">La Commission Internationale sur l\u2019\u00c9ducation Th\u00e9ologique (ICTE) est tr\u00e8s reconnaissante envers notre Seigneur qui continue d\u2019enrichir et de b\u00e9nir la formation th\u00e9ologique dans le monde de l&rsquo;Alliance Chr\u00e9tienne et Missionnaire.<\/p>\n<p style=\"text-align: justify;\">Le programme des jeunes \u00e9ducateurs, qui s\u2019est d\u00e9roul\u00e9 \u00e0 New York \u00e0 la fin du mois de juin, a \u00e9t\u00e9 l\u2019un des \u00e9v\u00e9nements marquants de l\u2019ann\u00e9e. En cette ann\u00e9e du centenaire de la mort de A. B. Simpson, ce fut une joie de voir des \u00e9tudiants de neuf nations diff\u00e9rentes s\u2019unir pour discuter de l\u2019histoire et des particularit\u00e9s de l\u2019Alliance chr\u00e9tienne et missionnaire. Ce fut une p\u00e9riode importante de fraternit\u00e9, d\u2019enseignement et de connexion les uns avec les autres, alors que nous examinions l\u2019\u00e9thique de notre mouvement. Cette formation commence d\u00e9j\u00e0 \u00e0 porter ses fruits puisque l\u2019un des participants a r\u00e9cemment dirig\u00e9 une conf\u00e9rence de deux jours sur l\u2019Histoire de l\u2019Alliance, parrain\u00e9e par l\u2019Institut Biblique de Buenos Aires (IBBA). D\u2019autres journ\u00e9es et conf\u00e9rences de formation sont pr\u00e9vues en Europe et en Asie-Pacifique pour 2020.<\/p>\n<p style=\"text-align: justify;\">En juillet, le comit\u00e9 de l\u2019ICTE s\u2019est r\u00e9uni pour discuter des colloques th\u00e9ologiques \u00e0 venir ainsi que de la Conf\u00e9rence Quadriennale qui se tiendra en \u00c9quateur en octobre 2020. Sous le th\u00e8me <em>Aller Plus Loin, Aller Au-del\u00e0<\/em>, l\u2019\u00e9v\u00e9nement quadriennal promet d\u2019\u00eatre un \u00e9v\u00e9nement important pour l\u2019Alliance mondiale. Lors de cet \u00e9v\u00e9nement, l\u2019ICTE organisera une r\u00e9union pour les dirigeants du S\u00e9minaire et de l\u2019\u00c9cole Biblique, o\u00f9 l\u2019on esp\u00e8re que d\u2019autres mesures seront prises pour promouvoir le sens de la coll\u00e9gialit\u00e9 et de la coop\u00e9ration entre nos institutions.<\/p>\n<p style=\"text-align: justify;\">L\u2019ICTE a \u00e9galement annonc\u00e9 en juillet la cr\u00e9ation d\u2019un Prix de Th\u00e9ologie de l\u2019AWF. Les candidatures sont encore ouvertes jusqu\u2019au 14 d\u00e9cembre et nous encourageons toutes les personnes susceptibles \u00e0 \u00eatre int\u00e9ress\u00e9es \u00e0 soumettre une candidature. Le but de ce prix est de continuer \u00e0 promouvoir la recherche acad\u00e9mique dans les Alliances distinctives du monde entier.<\/p>\n<p style=\"text-align: justify;\">L\u2019ICTE souhaite \u00e9galement rappeler \u00e0 tous sur le R\u00e9f\u00e9rentiel Th\u00e9ologique et Historique de l\u2019AWF (\u00a0<a href=\"https:\/\/awf.world\/fr\/consult\/\" target=\"_blank\" rel=\"noopener\">http:\/\/awf.world\/fr\/consult\/<\/a> ). Une large collection de documents historiques, de ressources g\u00e9n\u00e9rales et d\u2019articles th\u00e9ologiques et d\u2019ouvrages sur la CMA et ses sp\u00e9cificit\u00e9s sont disponibles en ligne sur le site web de l\u2019AWF. Toutes les ressources sont libres d\u2019acc\u00e8s et constituent un excellent moyen d\u2019explorer l\u2019histoire et la pens\u00e9e de notre mouvement.<\/p>\n<p style=\"text-align: justify;\">Actuellement, la CMA mondiale compte plus de 90 s\u00e9minaires, instituts et coll\u00e8ges bibliques th\u00e9ologiques qui forment des hommes et des femmes au service dans son royaume. C\u2019est un merveilleux t\u00e9moignage de la fid\u00e9lit\u00e9 de Dieu \u00e0 susciter de nouvelles g\u00e9n\u00e9rations de leaders chr\u00e9tiens de toutes les r\u00e9gions du monde. Bien que de nombreux d\u00e9fis continuent de nous affronter, nous sommes d\u2019autant plus convaincus que la CMA continue de servir le c\u0153ur de la mission de Dieu, qui consiste \u00e0 atteindre les \u00e9gar\u00e9s avec l\u2019\u00e9vangile.<\/p>\n<p style=\"text-align: justify;\">\u00c0 l\u2019approche de la fin de l\u2019ann\u00e9e, nous vous remercions encore une fois pour tous vos encouragements et votre soutien. Que la saison de No\u00ebl soit joyeuse pour vous tous, alors que vous c\u00e9l\u00e9brez et rappelez-vous la naissance de notre Seigneur et Sauveur.<\/p>\n<p style=\"text-align: justify;\">R\u00e9v\u00e9rend Dr Peter Laughlin<br \/>\nPr\u00e9sident de la Commission Internationale sur l\u2019\u00c9ducation Th\u00e9ologique<br \/>\nAlliance World Fellowship<\/p>\n","protected":false},"author":24,"featured_media":24421,"template":"","meta":{"inline_featured_image":false,"ngg_post_thumbnail":0,"_EventAllDay":false,"_EventTimezone":"","_EventStartDate":"","_EventEndDate":"","_EventStartDateUTC":"","_EventEndDateUTC":"","_EventShowMap":false,"_EventShowMapLink":false,"_EventURL":"","_EventCost":"","_EventCostDescription":"","_EventCurrencySymbol":"","_EventCurrencyCode":"","_EventCurrencyPosition":"","_EventDateTimeSeparator":"","_EventTimeRangeSeparator":"","_EventOrganizerID":[],"_EventVenueID":[],"_OrganizerEmail":"","_OrganizerPhone":"","_OrganizerWebsite":"","_VenueAddress":"","_VenueCity":"","_VenueCountry":"","_VenueProvince":"","_VenueState":"","_VenueZip":"","_VenuePhone":"","_VenueURL":"","_VenueStateProvince":"","_VenueLat":"","_VenueLng":"","_VenueShowMap":false,"_VenueShowMapLink":false},"categories":[33],"tags":[345,344],"class_list":["post-24420","awf-news","type-awf-news","status-publish","has-post-thumbnail","hentry","category-news-fr","tag-commission-internationale-pour-leducation-theologique","tag-icte-fr"],"_links":{"self":[{"href":"https:\/\/awf.world\/fr\/wp-json\/wp\/v2\/awf-news\/24420","targetHints":{"allow":["GET"]}}],"collection":[{"href":"https:\/\/awf.world\/fr\/wp-json\/wp\/v2\/awf-news"}],"about":[{"href":"https:\/\/awf.world\/fr\/wp-json\/wp\/v2\/types\/awf-news"}],"author":[{"embeddable":true,"href":"https:\/\/awf.world\/fr\/wp-json\/wp\/v2\/users\/24"}],"wp:featuredmedia":[{"embeddable":true,"href":"https:\/\/awf.world\/fr\/wp-json\/wp\/v2\/media\/24421"}],"wp:attachment":[{"href":"https:\/\/awf.world\/fr\/wp-json\/wp\/v2\/media?parent=24420"}],"wp:term":[{"taxonomy":"category","embeddable":true,"href":"https:\/\/awf.world\/fr\/wp-json\/wp\/v2\/categories?post=24420"},{"taxonomy":"post_tag","embeddable":true,"href":"https:\/\/awf.world\/fr\/wp-json\/wp\/v2\/tags?post=24420"}],"curies":[{"name":"wp","href":"https:\/\/api.w.org\/{rel}","templated":true}]}}