{"id":24402,"date":"2019-11-14T10:35:13","date_gmt":"2019-11-14T15:35:13","guid":{"rendered":"http:\/\/awf.world\/awf-news\/conference-regionale-de-lawf-en-amerique-latine-cla-tenue-au-guatemala\/"},"modified":"2019-11-14T10:35:13","modified_gmt":"2019-11-14T15:35:13","slug":"conference-regionale-de-lawf-en-amerique-latine-cla-tenue-au-guatemala","status":"publish","type":"awf-news","link":"https:\/\/awf.world\/fr\/awf-news\/conference-regionale-de-lawf-en-amerique-latine-cla-tenue-au-guatemala\/","title":{"rendered":"Conf\u00e9rence R\u00e9gionale de l\u2019AWF en Am\u00e9rique Latine (CLA) tenue au Guatemala"},"content":{"rendered":"<h3 style=\"text-align: justify;\">Les \u00e9glises CMA en Am\u00e9rique centrale sont jeunes et petites et sa plus grande \u00e9glise nationale (Guatemala), avec plus de 9 000 membres, constitue une exception dans la r\u00e9gion. Sous le th\u00e8me \u00ab Une Vie Plus Profonde en J\u00e9sus-Christ \u00bb, la famille AWF d\u2019Am\u00e9rique latine s\u2019est r\u00e9unie au Guatemala pour apporter un encouragement et une compr\u00e9hension plus profonde de l\u2019Alliance et de ses missions aux pasteurs et aux dirigeants de la r\u00e9gion.<\/h3>\n<figure id=\"attachment_24385\" aria-describedby=\"caption-attachment-24385\" style=\"width: 300px\" class=\"wp-caption alignleft\"><img loading=\"lazy\" decoding=\"async\" class=\"size-medium wp-image-24385\" src=\"http:\/\/awf.world\/wp-content\/uploads\/2019\/11\/PK_50220-300x179.jpeg\" alt=\"\" width=\"300\" height=\"179\" srcset=\"https:\/\/awf.world\/wp-content\/uploads\/2019\/11\/PK_50220-300x179.jpeg 300w, https:\/\/awf.world\/wp-content\/uploads\/2019\/11\/PK_50220-768x458.jpeg 768w, https:\/\/awf.world\/wp-content\/uploads\/2019\/11\/PK_50220-1024x611.jpeg 1024w, https:\/\/awf.world\/wp-content\/uploads\/2019\/11\/PK_50220.jpeg 1500w\" sizes=\"auto, (max-width: 300px) 100vw, 300px\" \/><figcaption id=\"caption-attachment-24385\" class=\"wp-caption-text\">Le conf\u00e9rencier principal, Dr Michael Plunket<\/figcaption><\/figure>\n<p>Le conf\u00e9rencier principal du Symposium de la Th\u00e9ologie de l\u2019Alliance \u00e9tait M. Michael Plunket, qui enseignait au s\u00e9minaire th\u00e9ologique de l\u2019Alliance. Il a soulign\u00e9 la n\u00e9cessit\u00e9 d\u2019accomplir en tant que serviteurs de Dieu le premier et le plus grand commandement : donner \u00e0 Dieu la premi\u00e8re place qui lui correspond toujours. Sous les rubriques \u00ab L\u2019appel et le fardeau de diriger un mouvement de Dieu \u00bb, \u00ab Leadership rempli de l\u2019Esprit \u00bb, \u00ab Onction et d\u00e9veloppement du leadership \u00bb et \u00ab Pri\u00e8re de perc\u00e9e r\u00e9volutionnaire \u00bb, le Dr Plunket s\u2019est concentr\u00e9 sur la n\u00e9cessit\u00e9 pour chaque croyant d\u2019\u00eatre rempli le Saint-Esprit et totalement sanctifi\u00e9, se consacrant enti\u00e8rement \u00e0 la volont\u00e9 de Dieu.<\/p>\n<figure id=\"attachment_24388\" aria-describedby=\"caption-attachment-24388\" style=\"width: 300px\" class=\"wp-caption alignright\"><img loading=\"lazy\" decoding=\"async\" class=\"size-medium wp-image-24388\" src=\"http:\/\/awf.world\/wp-content\/uploads\/2019\/11\/PK_51165-300x172.jpeg\" alt=\"\" width=\"300\" height=\"172\" srcset=\"https:\/\/awf.world\/wp-content\/uploads\/2019\/11\/PK_51165-300x172.jpeg 300w, https:\/\/awf.world\/wp-content\/uploads\/2019\/11\/PK_51165-768x439.jpeg 768w, https:\/\/awf.world\/wp-content\/uploads\/2019\/11\/PK_51165-1024x586.jpeg 1024w, https:\/\/awf.world\/wp-content\/uploads\/2019\/11\/PK_51165.jpeg 1500w\" sizes=\"auto, (max-width: 300px) 100vw, 300px\" \/><figcaption id=\"caption-attachment-24388\" class=\"wp-caption-text\">L\u2019orateur de la Conf\u00e9rence Missionnaire, Dr Tim Crouch<\/figcaption><\/figure>\n<p>L\u2019orateur de la Conf\u00e9rence Missionnaire \u00e9tait Tim Crouch, vice-pr\u00e9sident des minist\u00e8res internationaux de l\u2019Alliance am\u00e9ricaine. Il a abord\u00e9 les th\u00e8mes \u00ab La pr\u00e9dication en tant que J\u00e9sus-Christ \u00bb, \u00ab Servir en tant que J\u00e9sus-Christ \u00bb et \u00ab La formation en tant que J\u00e9sus-Christ \u00bb et a encourag\u00e9 les assistants \u00e0 apprendre de J\u00e9sus dans le cadre d\u2019une soci\u00e9t\u00e9 de plus en plus complexe et multiforme.<\/p>\n<p>Le pasteur David Muthre, Pr\u00e9sident de CLA, a pr\u00e9sent\u00e9 le message inaugural de l\u2019\u00e9v\u00e9nement qui pr\u00eachait sur \u00ab Une vie plus profonde en J\u00e9sus-Christ \u00bb et a soulign\u00e9 que notre mission est de faire des disciples du Christ et<\/p>\n<figure id=\"attachment_24391\" aria-describedby=\"caption-attachment-24391\" style=\"width: 300px\" class=\"wp-caption alignleft\"><img loading=\"lazy\" decoding=\"async\" class=\"size-medium wp-image-24391\" src=\"http:\/\/awf.world\/wp-content\/uploads\/2019\/11\/PK_50217-300x181.jpeg\" alt=\"\" width=\"300\" height=\"181\" srcset=\"https:\/\/awf.world\/wp-content\/uploads\/2019\/11\/PK_50217-300x181.jpeg 300w, https:\/\/awf.world\/wp-content\/uploads\/2019\/11\/PK_50217-768x464.jpeg 768w, https:\/\/awf.world\/wp-content\/uploads\/2019\/11\/PK_50217-1024x618.jpeg 1024w, https:\/\/awf.world\/wp-content\/uploads\/2019\/11\/PK_50217.jpeg 1500w\" sizes=\"auto, (max-width: 300px) 100vw, 300px\" \/><figcaption id=\"caption-attachment-24391\" class=\"wp-caption-text\">Dr Jura Yanagihara, Pr\u00e9sident\u00a0de l\u2019AWF<\/figcaption><\/figure>\n<p>de cultiver l\u2019intimit\u00e9 avec le Seigneur. Dr Jura Yanagihara, Pr\u00e9sident de l\u2019AWF, a abord\u00e9 le th\u00e8me \u00ab Une nation sainte appel\u00e9e \u00e0 b\u00e9nir toutes les nations \u00bb, \u00e0 propos du minist\u00e8re de l\u2019Alliance World Fellowship, pr\u00e9sent et futur.<\/p>\n<figure id=\"attachment_24394\" aria-describedby=\"caption-attachment-24394\" style=\"width: 300px\" class=\"wp-caption alignright\"><img loading=\"lazy\" decoding=\"async\" class=\"size-medium wp-image-24394\" src=\"http:\/\/awf.world\/wp-content\/uploads\/2019\/11\/PK_50950-300x171.jpeg\" alt=\"\" width=\"300\" height=\"171\" srcset=\"https:\/\/awf.world\/wp-content\/uploads\/2019\/11\/PK_50950-300x171.jpeg 300w, https:\/\/awf.world\/wp-content\/uploads\/2019\/11\/PK_50950-768x438.jpeg 768w, https:\/\/awf.world\/wp-content\/uploads\/2019\/11\/PK_50950-1024x583.jpeg 1024w, https:\/\/awf.world\/wp-content\/uploads\/2019\/11\/PK_50950.jpeg 1500w\" sizes=\"auto, (max-width: 300px) 100vw, 300px\" \/><figcaption id=\"caption-attachment-24394\" class=\"wp-caption-text\">Pr\u00e9sident de CLA, David Muthre<\/figcaption><\/figure>\n<p>Le pr\u00e9sident David Muthre et le tr\u00e9sorier Luis Moreno ont pr\u00e9sent\u00e9 \u00e0 l\u2019Assembl\u00e9e de la CLA les rapports sur tous les travaux effectu\u00e9s de 2018 \u00e0 nos jours, ainsi que sur les accords et les signatures des \u00e9glises nationales avec la CLA.<\/p>\n<p>Cent trente-cinq (135) personnes ont assist\u00e9 \u00e0 l\u2019\u00e9v\u00e9nement appartenant aux d\u00e9l\u00e9gations des pays suivants : Argentine, Bolivie, Br\u00e9sil, le Canada, Chili, Colombie, Costa Rica, \u00c9quateur, El Salvador, Guatemala, Honduras, Mexique, Nicaragua, Paraguay, P\u00e9rou, les \u00c9tats-Unis, entre autres.<\/p>\n<p>Divers ateliers ont eu lieu dans le domaine des missions ; enseignement th\u00e9ologique (FATELA) ; des minist\u00e8res aux femmes, aux jeunes et aux enfants ; et multiplication d\u2019\u00e9glise. Chacun de ces ateliers simultan\u00e9s mettait au d\u00e9fi le leadership eccl\u00e9sial de l\u2019Am\u00e9rique latine, montrant une r\u00e9alit\u00e9 plus large \u00e0 travers des rapports sur le travail accompli et les objectifs \u00e0 atteindre.<\/p>\n<p>Nous remercions le Seigneur pour sa gr\u00e2ce et son soutien \u00e0 l\u2019ensemble du d\u00e9veloppement de l\u2019Assembl\u00e9e, du Symposium et de la Conf\u00e9rence Missionnaire CLA 2019. Un merci sp\u00e9cial \u00e0 la famille de l\u2019Alliance du Guatemala qui a accueilli cette r\u00e9union ; aux d\u00e9l\u00e9gations et dirigeants latino-am\u00e9ricains ; et aux orateurs de la pl\u00e9ni\u00e8re, de la pr\u00e9dication, de l\u2019atelier et de l\u2019intervention.<\/p>\n<p>Aujourd\u2019hui, nous pouvons dire que nous continuons d\u2019avancer avec joie et effort, en visant la mission du Christ envers son \u00c9glise, en travaillant dur pour semer la pr\u00e9cieuse semence de l\u2019\u00c9vangile, o\u00f9 le Christ n\u2019est pas encore connu, en gardant les yeux sur J\u00e9sus, l\u2019Auteur et le Finisseur de notre foi. \u00ab A Lui soit la gloire pour toujours \u00bb.<\/p>\n","protected":false},"author":24,"featured_media":24383,"template":"","meta":{"inline_featured_image":false,"ngg_post_thumbnail":0,"_EventAllDay":false,"_EventTimezone":"","_EventStartDate":"","_EventEndDate":"","_EventStartDateUTC":"","_EventEndDateUTC":"","_EventShowMap":false,"_EventShowMapLink":false,"_EventURL":"","_EventCost":"","_EventCostDescription":"","_EventCurrencySymbol":"","_EventCurrencyCode":"","_EventCurrencyPosition":"","_EventDateTimeSeparator":"","_EventTimeRangeSeparator":"","_EventOrganizerID":[],"_EventVenueID":[],"_OrganizerEmail":"","_OrganizerPhone":"","_OrganizerWebsite":"","_VenueAddress":"","_VenueCity":"","_VenueCountry":"","_VenueProvince":"","_VenueState":"","_VenueZip":"","_VenuePhone":"","_VenueURL":"","_VenueStateProvince":"","_VenueLat":"","_VenueLng":"","_VenueShowMap":false,"_VenueShowMapLink":false},"categories":[152,33],"tags":[208,228,229,634,204,206],"class_list":["post-24402","awf-news","type-awf-news","status-publish","has-post-thumbnail","hentry","category-latin-america-fr","category-news-fr","tag-amerique-latine","tag-cla-fr","tag-education-theologique","tag-fatela-fr","tag-leadership-fr","tag-missions-fr"],"_links":{"self":[{"href":"https:\/\/awf.world\/fr\/wp-json\/wp\/v2\/awf-news\/24402","targetHints":{"allow":["GET"]}}],"collection":[{"href":"https:\/\/awf.world\/fr\/wp-json\/wp\/v2\/awf-news"}],"about":[{"href":"https:\/\/awf.world\/fr\/wp-json\/wp\/v2\/types\/awf-news"}],"author":[{"embeddable":true,"href":"https:\/\/awf.world\/fr\/wp-json\/wp\/v2\/users\/24"}],"wp:featuredmedia":[{"embeddable":true,"href":"https:\/\/awf.world\/fr\/wp-json\/wp\/v2\/media\/24383"}],"wp:attachment":[{"href":"https:\/\/awf.world\/fr\/wp-json\/wp\/v2\/media?parent=24402"}],"wp:term":[{"taxonomy":"category","embeddable":true,"href":"https:\/\/awf.world\/fr\/wp-json\/wp\/v2\/categories?post=24402"},{"taxonomy":"post_tag","embeddable":true,"href":"https:\/\/awf.world\/fr\/wp-json\/wp\/v2\/tags?post=24402"}],"curies":[{"name":"wp","href":"https:\/\/api.w.org\/{rel}","templated":true}]}}