{"id":24399,"date":"2019-11-14T09:58:57","date_gmt":"2019-11-14T14:58:57","guid":{"rendered":"http:\/\/awf.world\/awf-news\/les-dirigeants-de-lawf-apac-se-concentrent-sur-le-japon-lors-de-leur-reunion-a-hiroshima\/"},"modified":"2019-11-14T15:02:27","modified_gmt":"2019-11-14T20:02:27","slug":"les-dirigeants-de-lawf-apac-se-concentrent-sur-le-japon-lors-de-leur-reunion-a-hiroshima","status":"publish","type":"awf-news","link":"https:\/\/awf.world\/fr\/awf-news\/les-dirigeants-de-lawf-apac-se-concentrent-sur-le-japon-lors-de-leur-reunion-a-hiroshima\/","title":{"rendered":"Les Dirigeants de l\u2019AWF-APAC se Concentrent sur le Japon lors de leur R\u00e9union \u00e0 Hiroshima"},"content":{"rendered":"<h3 style=\"text-align: justify;\">Les dirigeants de l\u2019AWF-APAC (r\u00e9gion Asie-Pacifique) ont choisi le Japon comme lieu de r\u00e9union pour encourager la centenaire Alliance japonaise \u00e0 continuer \u00e0 partager J\u00e9sus-Christ dans ce pays. Le Japon est totalement ouvert au travail missionnaire, mais compte toujours moins de 0,5 % de chr\u00e9tiens \u00e9vang\u00e9liques et un taux de croissance annuel \u00e9vang\u00e9lique de -0,4 %.<\/h3>\n<figure id=\"attachment_24374\" aria-describedby=\"caption-attachment-24374\" style=\"width: 300px\" class=\"wp-caption alignleft\"><img loading=\"lazy\" decoding=\"async\" class=\"size-medium wp-image-24374\" src=\"http:\/\/awf.world\/wp-content\/uploads\/2019\/11\/Japan-Alliance-Meeting_2019-101-e1573743693769-300x229.jpg\" alt=\"\" width=\"300\" height=\"229\" srcset=\"https:\/\/awf.world\/wp-content\/uploads\/2019\/11\/Japan-Alliance-Meeting_2019-101-e1573743693769-300x229.jpg 300w, https:\/\/awf.world\/wp-content\/uploads\/2019\/11\/Japan-Alliance-Meeting_2019-101-e1573743693769.jpg 628w\" sizes=\"auto, (max-width: 300px) 100vw, 300px\" \/><figcaption id=\"caption-attachment-24374\" class=\"wp-caption-text\">AWF APAC RCC (Comit\u00e9 de Coordination R\u00e9gionale )<\/figcaption><\/figure>\n<p>La r\u00e9cente r\u00e9union du Comit\u00e9 de Coordination R\u00e9gionale de l\u2019APAC, qui s\u2019est tenue \u00e0 Hiroshima du 8 au 11 octobre 2019, s\u2019est termin\u00e9e par un plan d\u2019action pour 2020 :<\/p>\n<ul>\n<li>Organiser le S\u00e9minaire sur les Pratiques Distinctives et Contextuelles de l\u2019Alliance (du 20 au 24 avril), \u00e0 Bangkok, en Tha\u00eflande.<\/li>\n<li>Organiser un voyage d\u2019\u00e9tude au Bangladesh (du 15 au 18 avril) pour les travaux futurs de CMA.<\/li>\n<li>Inviter tous les directeurs de mission de la r\u00e9gion APAC \u00e0 participer \u00e0 la Consultation Mondiale sur les Missions de l\u2019AWF (19 octobre) \u00e0 Guayaquil, en \u00c9quateur, avant la Convocation Quadriennale de l\u2019AWF.<\/li>\n<\/ul>\n<p>Une r\u00e9union conjointe du RCC de l\u2019APAC et de la direction de l\u2019\u00c9glise de l\u2019Alliance japonaise, le 10 octobre, a partag\u00e9 les pr\u00e9occupations relatives \u00e0 l\u2019\u00e9vang\u00e9lisation et \u00e0 la croissance de l\u2019\u00e9glise au Japon et \u00e0 la mani\u00e8re dont la connexion avec la famille mondiale de l\u2019Alliance pourrait ouvrir de nouvelles perspectives minist\u00e9rielles. Il existe 27 \u00e9glises de la diaspora de l\u2019Alliance parmi les Philippins, les Latinos et les habitants d\u2019autres pays asiatiques vivant au Japon. Certaines d\u2019entre elles ont commenc\u00e9 il y a pr\u00e8s de 30 ans et sont \u00e0 un stade avanc\u00e9 d\u2019assimilation, ce qui signifie que les jeunes g\u00e9n\u00e9rations parlent couramment le japonais. Les jeunes de ces \u00e9glises ont h\u00e2te de servir au Japon et certains d\u2019entre eux \u00e9tudient d\u00e9j\u00e0 la Bible et la th\u00e9ologie dans des s\u00e9minaires \u00e9vang\u00e9liques reconnus.<\/p>\n<figure id=\"attachment_24377\" aria-describedby=\"caption-attachment-24377\" style=\"width: 300px\" class=\"wp-caption alignright\"><img loading=\"lazy\" decoding=\"async\" class=\"size-medium wp-image-24377\" src=\"http:\/\/awf.world\/wp-content\/uploads\/2019\/11\/Japan-Alliance-Meeting_2019-102-300x142.jpg\" alt=\"\" width=\"300\" height=\"142\" srcset=\"https:\/\/awf.world\/wp-content\/uploads\/2019\/11\/Japan-Alliance-Meeting_2019-102-300x142.jpg 300w, https:\/\/awf.world\/wp-content\/uploads\/2019\/11\/Japan-Alliance-Meeting_2019-102-768x364.jpg 768w, https:\/\/awf.world\/wp-content\/uploads\/2019\/11\/Japan-Alliance-Meeting_2019-102-1024x485.jpg 1024w, https:\/\/awf.world\/wp-content\/uploads\/2019\/11\/Japan-Alliance-Meeting_2019-102.jpg 1152w\" sizes=\"auto, (max-width: 300px) 100vw, 300px\" \/><figcaption id=\"caption-attachment-24377\" class=\"wp-caption-text\">R\u00e9union conjointe du RCC APAC et de la direction de l&rsquo;Eglise d&rsquo;Alliance japonaise<\/figcaption><\/figure>\n<p>Apr\u00e8s la r\u00e9union du comit\u00e9 RCC de l\u2019APAC \u00e0 Hiroshima, le pr\u00e9sident Jura Yanagihara et le coordinateur r\u00e9gional de l\u2019AWF-APAC, Roland Lumawag, se sont rendus \u00e0 Tokyo le 15 octobre pour rencontrer les pasteurs du R\u00e9seau d\u2019\u00c9glises de Mission de l\u2019Alliance japonaise et l\u2019\u00c9glise de l\u2019Alliance japonaise, pour les soutenir et les encourager. Au cours de sa pr\u00e9sentation sur la Alliance World Fellowship, le Pr\u00e9sident Jura a insist\u00e9 aupr\u00e8s du groupe sur le concept d\u2019une vraie famille de l\u2019Alliance, en soulignant les pistes possibles pour une future collaboration minist\u00e9rielle. Les pasteurs des deux groupes pourraient partager leurs d\u00e9fis minist\u00e9riels et avoir le temps de s\u2019encourager mutuellement et de prier. La r\u00e9union s\u2019est termin\u00e9 sur un sentiment d\u2019appartenance et a laiss\u00e9 une atmosph\u00e8re d\u2019espoir dans le Seigneur pour les b\u00e9n\u00e9dictions qu\u2019Il a accord\u00e9es \u00e0 Son minist\u00e8re par le biais de la vie de nos travailleurs japonais.<\/p>\n<p>Les membres du RCC de l\u2019APAC ont \u00e9galement \u00e9t\u00e9 b\u00e9nis et encourag\u00e9s par l\u2019hospitalit\u00e9 gentille et g\u00e9n\u00e9reuse de l\u2019\u00c9glise de l\u2019Alliance japonaise, dirig\u00e9e par le r\u00e9v\u00e9rend Shinobu Tanaka et son \u00e9quipe. Nous voulons exprimer notre joie profonde et notre reconnaissance \u00e0 tous.<\/p>\n","protected":false},"author":24,"featured_media":24372,"template":"","meta":{"inline_featured_image":false,"ngg_post_thumbnail":0,"_EventAllDay":false,"_EventTimezone":"","_EventStartDate":"","_EventEndDate":"","_EventStartDateUTC":"","_EventEndDateUTC":"","_EventShowMap":false,"_EventShowMapLink":false,"_EventURL":"","_EventCost":"","_EventCostDescription":"","_EventCurrencySymbol":"","_EventCurrencyCode":"","_EventCurrencyPosition":"","_EventDateTimeSeparator":"","_EventTimeRangeSeparator":"","_EventOrganizerID":[],"_EventVenueID":[],"_OrganizerEmail":"","_OrganizerPhone":"","_OrganizerWebsite":"","_VenueAddress":"","_VenueCity":"","_VenueCountry":"","_VenueProvince":"","_VenueState":"","_VenueZip":"","_VenuePhone":"","_VenueURL":"","_VenueStateProvince":"","_VenueLat":"","_VenueLng":"","_VenueShowMap":false,"_VenueShowMapLink":false},"categories":[150,33],"tags":[196,631,204,206],"class_list":["post-24399","awf-news","type-awf-news","status-publish","has-post-thumbnail","hentry","category-asia-pacific","category-news-fr","tag-apac-fr","tag-japon-fr","tag-leadership-fr","tag-missions-fr"],"_links":{"self":[{"href":"https:\/\/awf.world\/fr\/wp-json\/wp\/v2\/awf-news\/24399","targetHints":{"allow":["GET"]}}],"collection":[{"href":"https:\/\/awf.world\/fr\/wp-json\/wp\/v2\/awf-news"}],"about":[{"href":"https:\/\/awf.world\/fr\/wp-json\/wp\/v2\/types\/awf-news"}],"author":[{"embeddable":true,"href":"https:\/\/awf.world\/fr\/wp-json\/wp\/v2\/users\/24"}],"wp:featuredmedia":[{"embeddable":true,"href":"https:\/\/awf.world\/fr\/wp-json\/wp\/v2\/media\/24372"}],"wp:attachment":[{"href":"https:\/\/awf.world\/fr\/wp-json\/wp\/v2\/media?parent=24399"}],"wp:term":[{"taxonomy":"category","embeddable":true,"href":"https:\/\/awf.world\/fr\/wp-json\/wp\/v2\/categories?post=24399"},{"taxonomy":"post_tag","embeddable":true,"href":"https:\/\/awf.world\/fr\/wp-json\/wp\/v2\/tags?post=24399"}],"curies":[{"name":"wp","href":"https:\/\/api.w.org\/{rel}","templated":true}]}}