{"id":24127,"date":"2019-09-19T14:02:41","date_gmt":"2019-09-19T17:02:41","guid":{"rendered":"http:\/\/awf.world\/awf-news\/connaissez-stenly-christian-le-nouveau-president-de-la-cma-du-synode-de-gujarat\/"},"modified":"2019-09-20T11:39:35","modified_gmt":"2019-09-20T14:39:35","slug":"connaissez-stenly-christian-le-nouveau-president-de-la-cma-du-synode-de-gujarat","status":"publish","type":"awf-news","link":"https:\/\/awf.world\/fr\/awf-news\/connaissez-stenly-christian-le-nouveau-president-de-la-cma-du-synode-de-gujarat\/","title":{"rendered":"Connaissez Stenly Christian, le nouveau Pr\u00e9sident de l\u2019\u00c9glise CMA  du Synode de Gujarat"},"content":{"rendered":"<h3 style=\"text-align: justify;\">Le r\u00e9v\u00e9rend Stenly H. Christian est le nouveau Pr\u00e9sident du Synode du Gujarat. Il aimerait voir les jeunes grandir dans leur foi en Christ, des pasteurs et des missionnaires form\u00e9s et tous les membres impliqu\u00e9s dans le travail de mission et d\u2019\u00e9vang\u00e9lisation pour la croissance de l\u2019\u00c9glise de l\u2019Alliance au Gujarat.<\/h3>\n<p>Le nouveau pr\u00e9sident du Synode du Gujarat a des projets ambitieux pour l\u2019avenir. Le r\u00e9v\u00e9rend Stenly Christian souhaite que le Synode du Gujarat planter une \u00e9glise dans la ville de Nadiad. Dans le village d\u2019Agawada, o\u00f9 une nouvelle \u00e9glise a \u00e9t\u00e9 r\u00e9cemment plant\u00e9e, des missions et des travaux d\u2019\u00e9vang\u00e9lisation sont \u00e0 r\u00e9aliser dans les villages environnants. Il pr\u00e9voit \u00e9galement la formation des pasteurs et des missionnaires, ainsi que la formation de beaucoup plus de jeunes pour qu\u2019ils envisagent le minist\u00e8re pastoral et voient chaque membre impliqu\u00e9 dans le travail de mission et d\u2019\u00e9vang\u00e9lisation.<\/p>\n<p>Le r\u00e9v\u00e9rende Stenly Christian est n\u00e9e en 1979 dans une famille de pasteurs, avec trois soeurs. Le p\u00e8re du r\u00e9v\u00e9rend Stenly, le r\u00e9v\u00e9rend Henry T. Christian, est pasteur de la CMA depuis 52 ans et pr\u00e9sident du synode du Gujarat depuis plusieurs ann\u00e9es. Apr\u00e8s avoir termin\u00e9 ses \u00e9tudes secondaires, il a \u00e9tudi\u00e9 la m\u00e9canique et travaill\u00e9 dans un atelier de r\u00e9paration automobile. Il a \u00e9t\u00e9 baptis\u00e9 en 1999 et a d\u00e9cid\u00e9 de devenir pasteur en 2003 ; il a commenc\u00e9 sa formation pratique dans une \u00e9glise de village en 2004. Dans la m\u00eame ann\u00e9e, il a \u00e9pous\u00e9 Helina avec qui il a eu un fils de sept ans.<\/p>\n<p>Le r\u00e9v\u00e9rende Christian a servi deux ans dans le village avant de se rendre au S\u00e9minaire Biblique M\u00e9thodiste en 2006 pour terminer son baccalaur\u00e9at en th\u00e9ologie. \u00c0 la fin de ses \u00e9tudes, il a \u00e9t\u00e9 nomm\u00e9 pasteur de l\u2019\u00c9glise de l\u2019Alliance de Carmel, Karoli Village. Il a \u00e9t\u00e9 ordonn\u00e9 en 2017. Le r\u00e9v\u00e9rend Christian a servi 12 \u00e9glises diff\u00e9rentes et a \u00e9t\u00e9 \u00e9lu vice-pr\u00e9sident en 2018. Il a \u00e9t\u00e9 \u00e9lu pr\u00e9sident en ao\u00fbt 2019 pour un mandat de deux ans.<\/p>\n<p>En tant que pr\u00e9sident, le r\u00e9v\u00e9rende Christian aimerait r\u00e9nover le Centre de Conf\u00e9rences de l\u2019Alliance \u00e0 Mahemdabad, deux bungalows r\u00e9serv\u00e9s aux missionnaires et un internat \u00e0 Dholka. Il aimerait \u00e9galement payer des salaires suffisants \u00e0 leur personnel pastoral.<\/p>\n<p>Le r\u00e9v\u00e9rend Christian demande \u00e0 prier pour lui et sa famille, le comit\u00e9 ex\u00e9cutif du synode du Gujarat et enfin pour les pasteurs et la croissance des \u00e9glises de l\u2019Alliance Chr\u00e9tienne et Missionnaire au Gujarat.<\/p>\n","protected":false},"author":24,"featured_media":24147,"template":"","meta":{"inline_featured_image":false,"ngg_post_thumbnail":0,"_EventAllDay":false,"_EventTimezone":"","_EventStartDate":"","_EventEndDate":"","_EventStartDateUTC":"","_EventEndDateUTC":"","_EventShowMap":false,"_EventShowMapLink":false,"_EventURL":"","_EventCost":"","_EventCostDescription":"","_EventCurrencySymbol":"","_EventCurrencyCode":"","_EventCurrencyPosition":"","_EventDateTimeSeparator":"","_EventTimeRangeSeparator":"","_EventOrganizerID":[],"_EventVenueID":[],"_OrganizerEmail":"","_OrganizerPhone":"","_OrganizerWebsite":"","_VenueAddress":"","_VenueCity":"","_VenueCountry":"","_VenueProvince":"","_VenueState":"","_VenueZip":"","_VenuePhone":"","_VenueURL":"","_VenueStateProvince":"","_VenueLat":"","_VenueLng":"","_VenueShowMap":false,"_VenueShowMapLink":false},"categories":[150,33],"tags":[196,195,260],"class_list":["post-24127","awf-news","type-awf-news","status-publish","has-post-thumbnail","hentry","category-asia-pacific","category-news-fr","tag-apac-fr","tag-biography-fr","tag-inde"],"_links":{"self":[{"href":"https:\/\/awf.world\/fr\/wp-json\/wp\/v2\/awf-news\/24127","targetHints":{"allow":["GET"]}}],"collection":[{"href":"https:\/\/awf.world\/fr\/wp-json\/wp\/v2\/awf-news"}],"about":[{"href":"https:\/\/awf.world\/fr\/wp-json\/wp\/v2\/types\/awf-news"}],"author":[{"embeddable":true,"href":"https:\/\/awf.world\/fr\/wp-json\/wp\/v2\/users\/24"}],"wp:featuredmedia":[{"embeddable":true,"href":"https:\/\/awf.world\/fr\/wp-json\/wp\/v2\/media\/24147"}],"wp:attachment":[{"href":"https:\/\/awf.world\/fr\/wp-json\/wp\/v2\/media?parent=24127"}],"wp:term":[{"taxonomy":"category","embeddable":true,"href":"https:\/\/awf.world\/fr\/wp-json\/wp\/v2\/categories?post=24127"},{"taxonomy":"post_tag","embeddable":true,"href":"https:\/\/awf.world\/fr\/wp-json\/wp\/v2\/tags?post=24127"}],"curies":[{"name":"wp","href":"https:\/\/api.w.org\/{rel}","templated":true}]}}