{"id":24121,"date":"2019-09-09T15:19:32","date_gmt":"2019-09-09T18:19:32","guid":{"rendered":"http:\/\/awf.world\/awf-news\/la-jeunesse-de-dieu-en-afrique-reunie\/"},"modified":"2019-09-25T10:28:09","modified_gmt":"2019-09-25T13:28:09","slug":"la-jeunesse-de-dieu-en-afrique-reunie","status":"publish","type":"awf-news","link":"https:\/\/awf.world\/fr\/awf-news\/la-jeunesse-de-dieu-en-afrique-reunie\/","title":{"rendered":"La Jeunesse de Dieu en Afrique R\u00e9unie"},"content":{"rendered":"<h3 style=\"text-align: justify;\">L\u2019Union Africaine de la Jeunesse de l\u2019Alliance s\u2019est r\u00e9unie en ao\u00fbt pour son Congr\u00e8s Biennal. L&rsquo;\u00e9v\u00e9nement a rassembl\u00e9 plus de 1 300 jeunes, qui ont partag\u00e9 et apprirent les fondements de notre foi et ce que Dieu veut que ses justes fassent. Que Dieu continue \u00e0 b\u00e9nir ce mouvement, ses dirigeants et ses participants.<\/h3>\n<p>L\u2019Union des jeunes de l\u2019Alliance Chr\u00e9tienne et Missionnaire du Burkina Faso, de la C\u00f4te d\u2019Ivoire, du Gabon, de la Guin\u00e9e, du Mali, de la RDC et de la R\u00e9publique du Congo a tenu son 14e Congr\u00e8s Biennal du 12 au 19 ao\u00fbt 2019 dans le district d\u2019Akanda \u00e0 Libreville, Gabon. Plus de 1 300 personnes y ont assist\u00e9, marquant le 28e anniversaire de ce mouvement qui a d\u00e9but\u00e9 en ao\u00fbt 1991.<\/p>\n<p>Le r\u00e9v\u00e9rend Jean-Paul Bouessi du Gabon a d\u00e9velopp\u00e9 le th\u00e8me central de Psaume 11 : 3 : \u00ab Quand les fondements chancellent, que fait le juste ? \u00bb. Le r\u00e9v\u00e9rend Armand Serge Yao, de la C\u00f4te d\u2019Ivoire, a parl\u00e9 de \u00ab Garder les Fondements pour Influencer le Monde \u00bb, en se concentrant sur les fondements de la CMA, selon la pr\u00e9dication de A. B. Simpson. Un autre orateur, le r\u00e9v\u00e9rend Daouda Zonou du Mali, a d\u00e9velopp\u00e9 le th\u00e8me \u00ab Mon Juste Vivra par la Foi. \u00bb, en utilisant H\u00e9breux 10 : 38 comme texte. Enfin, le r\u00e9v\u00e9rend Samuel Kondano de Guin\u00e9e a parl\u00e9 du \u00ab Le Plan de Dieu pour le Mariage \u00bb.<\/p>\n<p>Les r\u00e9unions de m\u00e9ditation ont enrichi la vie des jeunes. Ils ont organis\u00e9 une sortie \u00e9vang\u00e9lique le vendredi apr\u00e8s-midi et beaucoup ont \u00e9t\u00e9 touch\u00e9s par notre Seigneur J\u00e9sus et convertis. Beaucoup ont dit que les jeunes avaient \u00e9t\u00e9 nourris par la Parole de Dieu, cr\u00e9ant ainsi une relation plus forte les uns avec les autres et avec lui. Il y avait aussi des louanges et des cultes et des discussions bibliques.<\/p>\n<p>L\u2019\u00e9v\u00e9nement \u00e9tait organis\u00e9 par la Jeunesse du Gabon, appuy\u00e9e par le Pr\u00e9sident du Conseil d\u2019Administration et des membres du Conseil d\u2019Administration. Le prochain congr\u00e8s, qui f\u00eatera les 30 ans du mouvement, se tiendra \u00e0 Bobo-Dioulasso, au Burkina Faso.<\/p>\n<p>Merci de prier pour que la construction du si\u00e8ge soit termin\u00e9e \u00e0 temps pour le prochain \u00e9v\u00e9nement. De plus, priez pour la continuit\u00e9 et la vigueur de ce mouvement.<\/p>\n","protected":false},"author":24,"featured_media":23949,"template":"","meta":{"inline_featured_image":false,"ngg_post_thumbnail":0,"_EventAllDay":false,"_EventTimezone":"","_EventStartDate":"","_EventEndDate":"","_EventStartDateUTC":"","_EventEndDateUTC":"","_EventShowMap":false,"_EventShowMapLink":false,"_EventURL":"","_EventCost":"","_EventCostDescription":"","_EventCurrencySymbol":"","_EventCurrencyCode":"","_EventCurrencyPosition":"","_EventDateTimeSeparator":"","_EventTimeRangeSeparator":"","_EventOrganizerID":[],"_EventVenueID":[],"_OrganizerEmail":"","_OrganizerPhone":"","_OrganizerWebsite":"","_VenueAddress":"","_VenueCity":"","_VenueCountry":"","_VenueProvince":"","_VenueState":"","_VenueZip":"","_VenuePhone":"","_VenueURL":"","_VenueStateProvince":"","_VenueLat":"","_VenueLng":"","_VenueShowMap":false,"_VenueShowMapLink":false},"categories":[284,33],"tags":[277,322],"class_list":["post-24121","awf-news","type-awf-news","status-publish","has-post-thumbnail","hentry","category-afrique","category-news-fr","tag-afrique","tag-ministere-de-la-jeunesse"],"_links":{"self":[{"href":"https:\/\/awf.world\/fr\/wp-json\/wp\/v2\/awf-news\/24121","targetHints":{"allow":["GET"]}}],"collection":[{"href":"https:\/\/awf.world\/fr\/wp-json\/wp\/v2\/awf-news"}],"about":[{"href":"https:\/\/awf.world\/fr\/wp-json\/wp\/v2\/types\/awf-news"}],"author":[{"embeddable":true,"href":"https:\/\/awf.world\/fr\/wp-json\/wp\/v2\/users\/24"}],"wp:featuredmedia":[{"embeddable":true,"href":"https:\/\/awf.world\/fr\/wp-json\/wp\/v2\/media\/23949"}],"wp:attachment":[{"href":"https:\/\/awf.world\/fr\/wp-json\/wp\/v2\/media?parent=24121"}],"wp:term":[{"taxonomy":"category","embeddable":true,"href":"https:\/\/awf.world\/fr\/wp-json\/wp\/v2\/categories?post=24121"},{"taxonomy":"post_tag","embeddable":true,"href":"https:\/\/awf.world\/fr\/wp-json\/wp\/v2\/tags?post=24121"}],"curies":[{"name":"wp","href":"https:\/\/api.w.org\/{rel}","templated":true}]}}