{"id":23729,"date":"2019-08-23T15:06:05","date_gmt":"2019-08-23T18:06:05","guid":{"rendered":"http:\/\/awf.world\/awf-news\/lalliance-en-argentine-nourrir-les-chretiens-pour-servir-le-royaume\/"},"modified":"2019-08-23T15:06:05","modified_gmt":"2019-08-23T18:06:05","slug":"lalliance-en-argentine-nourrir-les-chretiens-pour-servir-le-royaume","status":"publish","type":"awf-news","link":"https:\/\/awf.world\/fr\/awf-news\/lalliance-en-argentine-nourrir-les-chretiens-pour-servir-le-royaume\/","title":{"rendered":"L\u2019Alliance en Argentine : Nourrir les Chr\u00e9tiens pour Servir le Royaume"},"content":{"rendered":"<h3 style=\"text-align: justify;\">Le travail missionnaire qui a commenc\u00e9 dans les villages est maintenant un minist\u00e8re national en plein essor, cherchant \u00e0 nourrir les croyants et \u00e0 fournir une \u00e9ducation th\u00e9ologique pour donner aux chr\u00e9tiens les moyens d\u2019atteindre les non-croyants localement et \u00e0 l\u2019\u00e9tranger.<\/h3>\n<p>Le premier enregistrement de l\u2019activit\u00e9 missionnaire en Argentine remonte \u00e0 1897. L\u2019Alliance Chr\u00e9tienne et Missionnaire y a commenc\u00e9 ses travaux au d\u00e9but du XXe si\u00e8cle par l\u2019interm\u00e9diaire de Samuel et Vera Barnes, venus d\u2019Am\u00e9rique du Nord.<\/p>\n<p>Leur travail s\u2019est concentr\u00e9 sur les villages non atteints autour de la voie ferr\u00e9e. Un institut biblique a \u00e9t\u00e9 cr\u00e9\u00e9 \u00e0 Azul en 1922 et les travaux se sont poursuivis malgr\u00e9 les crises \u00e9conomiques, le retrait subs\u00e9quent des missionnaires CMA dans les ann\u00e9es 1930 et la fermeture de l\u2019institut.<\/p>\n<p>Dans les ann\u00e9es 1950, plusieurs \u00e9glises furent \u00e9tablies dans la province de Buenos Aires, dont deux dans la ville m\u00eame. Dans les ann\u00e9es 60, les Barnes se sont install\u00e9s \u00e0 Buenos Aires et ont rouvert l\u2019institut, baptis\u00e9 \u00ab Institut biblique de Buenos Aires \u00bb (Buenos Aires Bible Institute). Il continue \u00e0 \u00eatre actif aujourd\u2019hui, formant des ouvriers locaux et recevant des missionnaires de l\u2019\u00e9tranger.<\/p>\n<p>Les derniers missionnaires \u00e9trangers ont quitt\u00e9 le pays en 2011. Il y a aujourd\u2019hui 105 rassemblements de l\u2019Alliance en Argentine. Le pr\u00e9sident actuel est le r\u00e9v\u00e9rend Daniel Alejandro Fanderwud.<\/p>\n<p>Les \u00e9glises nationales de l\u2019Alliance argentine ont de nombreux minist\u00e8res :<\/p>\n<ul>\n<li><strong>Fondation de l\u2019Alliance :<\/strong> Publications de l\u2019Alliance est un minist\u00e8re qui d\u00e9veloppe du mat\u00e9riel \u00e9ducatif chr\u00e9tien pour les enfants, les jeunes et les adultes. Il existe \u00e9galement des ressources pour la formation des dirigeants et l\u2019\u00e9dification spirituelle. Ces mat\u00e9riaux sont utilis\u00e9s dans plusieurs pays latins et dans des \u00e9glises hispanophones aux \u00c9tats-Unis.<\/li>\n<li><strong>\u00c9ducation Th\u00e9ologique :<\/strong> L\u2019Institut Biblique de Buenos Aires est l\u2019une des plus importantes \u00e9coles th\u00e9ologiques d\u2019Argentine et organise des formations pastorales et des s\u00e9minaires ouverts \u00e0 d\u2019autres confessions par l\u2019interm\u00e9diaire de son si\u00e8ge et de ses centres d\u2019extension.<\/li>\n<li><strong>Missions :<\/strong> Le minist\u00e8re des missions soutient des projets missionnaires en Italie, en Hongrie et en Asie centrale. Sur le plan local, il existe des projets \u00e0 Mendoza, Catamarca, Tucum\u00e1n, Catamarca et Rosario.<\/li>\n<li>Parmi les autres minist\u00e8res organis\u00e9s au niveau national figurent les minist\u00e8res de <strong>l\u2019Enfance<\/strong>, de la <strong>Jeunesse <\/strong>et des <strong>Femmes<\/strong>.<\/li>\n<\/ul>\n<p>Points de pri\u00e8re :<\/p>\n<ul>\n<li>Priez pour que l\u2019identit\u00e9 de l\u2019Alliance soit renforc\u00e9e parmi les croyants argentins.<\/li>\n<li>Priez pour un renouveau de la vision missionnaire.<\/li>\n<li>Priez pour des finances durables au fil du temps.<\/li>\n<li>Priez pour un r\u00e9veil des ouvriers.<\/li>\n<\/ul>\n","protected":false},"author":24,"featured_media":23726,"template":"","meta":{"inline_featured_image":false,"ngg_post_thumbnail":0,"_EventAllDay":false,"_EventTimezone":"","_EventStartDate":"","_EventEndDate":"","_EventStartDateUTC":"","_EventEndDateUTC":"","_EventShowMap":false,"_EventShowMapLink":false,"_EventURL":"","_EventCost":"","_EventCostDescription":"","_EventCurrencySymbol":"","_EventCurrencyCode":"","_EventCurrencyPosition":"","_EventDateTimeSeparator":"","_EventTimeRangeSeparator":"","_EventOrganizerID":[],"_EventVenueID":[],"_OrganizerEmail":"","_OrganizerPhone":"","_OrganizerWebsite":"","_VenueAddress":"","_VenueCity":"","_VenueCountry":"","_VenueProvince":"","_VenueState":"","_VenueZip":"","_VenuePhone":"","_VenueURL":"","_VenueStateProvince":"","_VenueLat":"","_VenueLng":"","_VenueShowMap":false,"_VenueShowMapLink":false},"categories":[152,33],"tags":[208,405,228,229,206],"class_list":["post-23729","awf-news","type-awf-news","status-publish","has-post-thumbnail","hentry","category-latin-america-fr","category-news-fr","tag-amerique-latine","tag-argentine","tag-cla-fr","tag-education-theologique","tag-missions-fr"],"_links":{"self":[{"href":"https:\/\/awf.world\/fr\/wp-json\/wp\/v2\/awf-news\/23729","targetHints":{"allow":["GET"]}}],"collection":[{"href":"https:\/\/awf.world\/fr\/wp-json\/wp\/v2\/awf-news"}],"about":[{"href":"https:\/\/awf.world\/fr\/wp-json\/wp\/v2\/types\/awf-news"}],"author":[{"embeddable":true,"href":"https:\/\/awf.world\/fr\/wp-json\/wp\/v2\/users\/24"}],"wp:featuredmedia":[{"embeddable":true,"href":"https:\/\/awf.world\/fr\/wp-json\/wp\/v2\/media\/23726"}],"wp:attachment":[{"href":"https:\/\/awf.world\/fr\/wp-json\/wp\/v2\/media?parent=23729"}],"wp:term":[{"taxonomy":"category","embeddable":true,"href":"https:\/\/awf.world\/fr\/wp-json\/wp\/v2\/categories?post=23729"},{"taxonomy":"post_tag","embeddable":true,"href":"https:\/\/awf.world\/fr\/wp-json\/wp\/v2\/tags?post=23729"}],"curies":[{"name":"wp","href":"https:\/\/api.w.org\/{rel}","templated":true}]}}