{"id":23700,"date":"2019-08-16T09:33:55","date_gmt":"2019-08-16T12:33:55","guid":{"rendered":"http:\/\/awf.world\/awf-news\/connaissez-marcel-bunda-le-nouveau-president-de-leglise-cma-de-la-republique-democratique-du-congo\/"},"modified":"2019-08-16T10:07:38","modified_gmt":"2019-08-16T13:07:38","slug":"connaissez-marcel-bunda-le-nouveau-president-de-leglise-cma-de-la-republique-democratique-du-congo","status":"publish","type":"awf-news","link":"https:\/\/awf.world\/fr\/awf-news\/connaissez-marcel-bunda-le-nouveau-president-de-leglise-cma-de-la-republique-democratique-du-congo\/","title":{"rendered":"Connaissez Marcel Bunda, le nouveau Pr\u00e9sident de l\u2019\u00c9glise CMA de la R\u00e9publique D\u00e9mocratique du Congo"},"content":{"rendered":"<h3 style=\"text-align: justify;\">Le r\u00e9v\u00e9rend Marcel Bunda Bunda est le nouveau Pr\u00e9sident de l\u2019Alliance en RD Congo. Pendant son mandat, il esp\u00e8re voir l\u2019\u00e9glise devenir plus ax\u00e9e sur la mission et mener une vie remplie de pri\u00e8re. Prions pour que le Seigneur envoie Son Saint-Esprit pour le guider, lui et sa famille.<\/h3>\n<p>N\u00e9 le 13 d\u00e9cembre 1966 \u00e0 Kuimba, le r\u00e9v\u00e9rend Marcel Bunda Bunda est le nouveau pr\u00e9sident de l\u2019Alliance en R\u00e9publique d\u00e9mocratique du Congo. Son p\u00e8re \u00e9tait le pasteur principal de la 18e CEAC (Communaut\u00e9 \u00c9vang\u00e9lique de l\u2019Alliance au Congo) ; Marcel fut donc \u00e9lev\u00e9 dans la famille CMA. Le r\u00e9v\u00e9rend Bunda a \u00e9pous\u00e9 Alphonsine Phambu Puna en 1990, et ils ont six enfants &#8211; cinq filles et un fils.<\/p>\n<p>Marcel a accept\u00e9 notre Seigneur et Sauveur en 1984, lors d\u2019une \u00e9tude biblique dirig\u00e9e par le r\u00e9v\u00e9rend Thom\u00e1s Bankamba sur Matthieu 10 : 39. \u00c0 partir de ce moment-l\u00e0, il a commenc\u00e9 \u00e0 en apprendre de plus sur la Parole de Dieu. En 1987, Marcel a commenc\u00e9 ses \u00e9tudes de th\u00e9ologie \u00e0 la Facult\u00e9 de Th\u00e9ologie \u00c9vang\u00e9lique de Boma. Plus tard, de 2003 \u00e0 2005, il a continu\u00e9 \u00e0 approfondir ses connaissances th\u00e9ologiques \u00e0 l\u2019Universit\u00e9 Protestante au Congo.<\/p>\n<p>Le R. Bunda a commenc\u00e9 \u00e0 servir en tant que pasteur \u00e0 Mboma Niali, dans le district de Ndingi. Il a \u00e9t\u00e9 \u00e9lu par les repr\u00e9sentants de la d\u00e9l\u00e9gation \u00e0 l\u2019Assembl\u00e9e G\u00e9n\u00e9rale et servira l\u2019\u00c9glise Nationale pour les quatre prochaines ann\u00e9es.<\/p>\n<p>Pendant ce temps, le r\u00e9v\u00e9rend Marcel souhaite voir grandir l\u2019amour de l\u2019\u00e9glise pour la mission. Il esp\u00e8re \u00e9galement renforcer une vie de pri\u00e8re et de service \u00e0 Dieu et \u00e0 Son peuple. Le R. Bunda pr\u00e9voit de r\u00e9nover certaines des infrastructures de l\u2019\u00e9glise, telles que le bureau central et l\u2019auditorium de r\u00e9union. \u00c0 la fin de son mandat, il esp\u00e8re avoir \u00e9tabli l\u2019\u00e9glise dans un lieu de visibilit\u00e9 et d\u2019influence dans leur pays.<\/p>\n<p>Le R. Bunda nous demande de prier pour que le Saint-Esprit puisse le guider, sa famille et le minist\u00e8re pour qu\u2019ils soient une b\u00e9n\u00e9diction pour tout le peuple de Dieu. Il demande \u00e9galement que nous priions pour les membres du 18e CEAC, afin qu\u2019ils soient tous \u00e9mus par l\u2019Esprit du Seigneur et b\u00e9nissent les autres.<\/p>\n","protected":false},"author":24,"featured_media":23697,"template":"","meta":{"inline_featured_image":false,"ngg_post_thumbnail":0,"_EventAllDay":false,"_EventTimezone":"","_EventStartDate":"","_EventEndDate":"","_EventStartDateUTC":"","_EventEndDateUTC":"","_EventShowMap":false,"_EventShowMapLink":false,"_EventURL":"","_EventCost":"","_EventCostDescription":"","_EventCurrencySymbol":"","_EventCurrencyCode":"","_EventCurrencyPosition":"","_EventDateTimeSeparator":"","_EventTimeRangeSeparator":"","_EventOrganizerID":[],"_EventVenueID":[],"_OrganizerEmail":"","_OrganizerPhone":"","_OrganizerWebsite":"","_VenueAddress":"","_VenueCity":"","_VenueCountry":"","_VenueProvince":"","_VenueState":"","_VenueZip":"","_VenuePhone":"","_VenueURL":"","_VenueStateProvince":"","_VenueLat":"","_VenueLng":"","_VenueShowMap":false,"_VenueShowMapLink":false},"categories":[284,33],"tags":[277,195,204,401],"class_list":["post-23700","awf-news","type-awf-news","status-publish","has-post-thumbnail","hentry","category-afrique","category-news-fr","tag-afrique","tag-biography-fr","tag-leadership-fr","tag-republique-democratique-du-congo"],"_links":{"self":[{"href":"https:\/\/awf.world\/fr\/wp-json\/wp\/v2\/awf-news\/23700","targetHints":{"allow":["GET"]}}],"collection":[{"href":"https:\/\/awf.world\/fr\/wp-json\/wp\/v2\/awf-news"}],"about":[{"href":"https:\/\/awf.world\/fr\/wp-json\/wp\/v2\/types\/awf-news"}],"author":[{"embeddable":true,"href":"https:\/\/awf.world\/fr\/wp-json\/wp\/v2\/users\/24"}],"wp:featuredmedia":[{"embeddable":true,"href":"https:\/\/awf.world\/fr\/wp-json\/wp\/v2\/media\/23697"}],"wp:attachment":[{"href":"https:\/\/awf.world\/fr\/wp-json\/wp\/v2\/media?parent=23700"}],"wp:term":[{"taxonomy":"category","embeddable":true,"href":"https:\/\/awf.world\/fr\/wp-json\/wp\/v2\/categories?post=23700"},{"taxonomy":"post_tag","embeddable":true,"href":"https:\/\/awf.world\/fr\/wp-json\/wp\/v2\/tags?post=23700"}],"curies":[{"name":"wp","href":"https:\/\/api.w.org\/{rel}","templated":true}]}}