{"id":23672,"date":"2019-08-14T11:28:31","date_gmt":"2019-08-14T16:28:31","guid":{"rendered":"http:\/\/awf.world\/awf-news\/congres-des-femmes-amada-4-en-equateur\/"},"modified":"2020-02-05T09:17:43","modified_gmt":"2020-02-05T14:17:43","slug":"congres-des-femmes-amada-4-en-equateur","status":"publish","type":"awf-news","link":"https:\/\/awf.world\/fr\/awf-news\/congres-des-femmes-amada-4-en-equateur\/","title":{"rendered":"Congr\u00e8s des Femmes \u00ab Amada 4 \u00bb en Equateur"},"content":{"rendered":"<h3 style=\"text-align: justify;\">Avec la participation de 512 femmes du continent latino-am\u00e9ricain, le Congr\u00e8s des femmes \u00ab AMADA 4 \u00bb a \u00e9t\u00e9 d\u00e9velopp\u00e9 sur le th\u00e8me : \u00ab Prendre soin du C\u0153ur d\u2019une Femme \u00bb, le plus grand \u00e9v\u00e9nement de la communaut\u00e9 de l\u2019Alliance f\u00e9minine, tenu du 24 au 27 de juillet, dans l\u2019\u00c9glise de l\u2019Alliance Centrale de la ville de Milagro, en \u00c9quateur.<\/h3>\n<p><img loading=\"lazy\" decoding=\"async\" class=\"size-medium wp-image-23659 alignright\" src=\"http:\/\/awf.world\/wp-content\/uploads\/2019\/08\/Women-Congress_Ecuador_2019-072-300x200.jpg\" alt=\"\" width=\"300\" height=\"200\" srcset=\"https:\/\/awf.world\/wp-content\/uploads\/2019\/08\/Women-Congress_Ecuador_2019-072-300x200.jpg 300w, https:\/\/awf.world\/wp-content\/uploads\/2019\/08\/Women-Congress_Ecuador_2019-072-768x512.jpg 768w, https:\/\/awf.world\/wp-content\/uploads\/2019\/08\/Women-Congress_Ecuador_2019-072-1024x683.jpg 1024w, https:\/\/awf.world\/wp-content\/uploads\/2019\/08\/Women-Congress_Ecuador_2019-072-272x182.jpg 272w, https:\/\/awf.world\/wp-content\/uploads\/2019\/08\/Women-Congress_Ecuador_2019-072.jpg 1500w\" sizes=\"auto, (max-width: 300px) 100vw, 300px\" \/><\/p>\n<p>L\u2019\u00e9v\u00e9nement a r\u00e9uni femmes de pays tels que le P\u00e9rou, avec 130 participantes (qui \u00e9taient la plus grande d\u00e9l\u00e9gation), le Chili, l\u2019Argentine, la Colombie, le Br\u00e9sil, la Bolivie et l\u2019\u00c9quateur.<\/p>\n<p>Lors de la c\u00e9r\u00e9monie d\u2019ouverture, le mercredi 24 juillet, les jeunes de la CMA de Milagro ont r\u00e9serv\u00e9 un accueil chaleureux, rev\u00eatus de divers costumes traditionnels typiques de la culture \u00e9quatorienne. Ils ont \u00e9galement donn\u00e9 une rose \u00e0 toutes les personnes pr\u00e9sentes. Le pasteur David Muthre, pr\u00e9sident de la CLA, a pr\u00e9sent\u00e9 une m\u00e9ditation sur le c\u0153ur d\u2019une femme vertueuse et son influence dans la soci\u00e9t\u00e9 en construisant des foyers sains en Christ.<\/p>\n<figure id=\"attachment_23678\" aria-describedby=\"caption-attachment-23678\" style=\"width: 168px\" class=\"wp-caption alignleft\"><img loading=\"lazy\" decoding=\"async\" class=\"wp-image-23678 size-medium\" src=\"http:\/\/awf.world\/wp-content\/uploads\/2019\/08\/Women-Congress_Ecuador_2019-0716-168x300.jpg\" alt=\"\" width=\"168\" height=\"300\" srcset=\"https:\/\/awf.world\/wp-content\/uploads\/2019\/08\/Women-Congress_Ecuador_2019-0716-168x300.jpg 168w, https:\/\/awf.world\/wp-content\/uploads\/2019\/08\/Women-Congress_Ecuador_2019-0716-574x1024.jpg 574w, https:\/\/awf.world\/wp-content\/uploads\/2019\/08\/Women-Congress_Ecuador_2019-0716.jpg 718w\" sizes=\"auto, (max-width: 168px) 100vw, 168px\" \/><figcaption id=\"caption-attachment-23678\" class=\"wp-caption-text\">L\u2019oratrice principale Catalina Moscoso<\/figcaption><\/figure>\n<p>Catalina Moscoso de Colombie \u00e9tait l\u2019oratrice principale ; Isabel Muthre, de l\u2019\u00c9quateur et Marlene Chiang, du P\u00e9rou, font partie des autres participants. Les ateliers ont \u00e9t\u00e9 pr\u00e9sent\u00e9s par Isabel Mancini (Argentine), Nadia Arias (Chili), Rosa P\u00e9rez et Sara Cort\u00e1zar (P\u00e9rou). Ils ont abord\u00e9 des questions li\u00e9es aux probl\u00e8mes sociaux actuels, en effectuant une analyse pertinente avec des appuis scientifiques et en proposant des solutions \u00e0 la lumi\u00e8re de la Parole de Dieu.<\/p>\n<figure id=\"attachment_23665\" aria-describedby=\"caption-attachment-23665\" style=\"width: 201px\" class=\"wp-caption alignright\"><img loading=\"lazy\" decoding=\"async\" class=\" wp-image-23665\" src=\"http:\/\/awf.world\/wp-content\/uploads\/2019\/08\/Women-Congress_Ecuador_2019-074-300x200.jpg\" alt=\"\" width=\"201\" height=\"134\" srcset=\"https:\/\/awf.world\/wp-content\/uploads\/2019\/08\/Women-Congress_Ecuador_2019-074-300x200.jpg 300w, https:\/\/awf.world\/wp-content\/uploads\/2019\/08\/Women-Congress_Ecuador_2019-074-768x512.jpg 768w, https:\/\/awf.world\/wp-content\/uploads\/2019\/08\/Women-Congress_Ecuador_2019-074-1024x683.jpg 1024w, https:\/\/awf.world\/wp-content\/uploads\/2019\/08\/Women-Congress_Ecuador_2019-074-272x182.jpg 272w, https:\/\/awf.world\/wp-content\/uploads\/2019\/08\/Women-Congress_Ecuador_2019-074.jpg 1500w\" sizes=\"auto, (max-width: 201px) 100vw, 201px\" \/><figcaption id=\"caption-attachment-23665\" class=\"wp-caption-text\">Mami Yanagihara<\/figcaption><\/figure>\n<p>\u00ab C\u2019\u00e9tait un moment pr\u00e9cieux pour l\u2019\u00e9glise de l\u2019\u00c9quateur et du continent latino-am\u00e9ricain, au cours de laquelle nous avons entendu de mani\u00e8re claire et biblique les sujets d\u2019actualit\u00e9, tout en organisant nos c\u0153urs devant le Seigneur, en plus de l\u2019amour des \u00c9quatoriens, qui \u00e9tait quelque chose de tr\u00e8s impactant sur nos vies \u00bb, d\u00e9clare Mami Yanagihara, \u00e9pouse du Pasteur Jura Yanagihara, Pr\u00e9sident de l\u2019Alliance Mondiale.<\/p>\n<p><img loading=\"lazy\" decoding=\"async\" class=\"alignleft size-medium wp-image-23668\" src=\"http:\/\/awf.world\/wp-content\/uploads\/2019\/08\/Women-Congress_Ecuador_2019-078-300x200.jpg\" alt=\"\" width=\"300\" height=\"200\" srcset=\"https:\/\/awf.world\/wp-content\/uploads\/2019\/08\/Women-Congress_Ecuador_2019-078-300x200.jpg 300w, https:\/\/awf.world\/wp-content\/uploads\/2019\/08\/Women-Congress_Ecuador_2019-078-768x512.jpg 768w, https:\/\/awf.world\/wp-content\/uploads\/2019\/08\/Women-Congress_Ecuador_2019-078-1024x683.jpg 1024w, https:\/\/awf.world\/wp-content\/uploads\/2019\/08\/Women-Congress_Ecuador_2019-078-272x182.jpg 272w, https:\/\/awf.world\/wp-content\/uploads\/2019\/08\/Women-Congress_Ecuador_2019-078.jpg 1500w\" sizes=\"auto, (max-width: 300px) 100vw, 300px\" \/><\/p>\n<p>Les participants ont pu fraterniser et \u00e9changer des exp\u00e9riences et des le\u00e7ons et Dieu a parl\u00e9 d\u2019une mani\u00e8re particuli\u00e8re aux visiteurs qui ont \u00e9galement appr\u00e9ci\u00e9 la cuisine \u00e9quatorienne.<\/p>\n<p>S\u0153ur Jes\u00fas S\u00e1nchez Gonz\u00e1lez, de l\u2019Alliance du P\u00e9rou, a d\u00e9clar\u00e9 : \u00ab J\u2019ai eu l\u2019occasion d\u2019assister \u00e0 d\u2019autres programmes AMADA et ce fut l\u2019un des meilleurs. Des sujets tels que la sexualit\u00e9 et les mauvais traitements envers les femmes, la f\u00e9minit\u00e9, son \u00e9valuation \u00e0 partir d\u2019un panorama actuel, \u00e9taient des sujets \u00e9difiants pour notre c\u0153ur. Au P\u00e9rou, nous sommes tr\u00e8s encourag\u00e9s \u00e0 ne pas simplement adh\u00e9rer aux enseignements, mais \u00e0 les reproduire dans toutes les \u00e9glises du pays. \u00bb<\/p>\n<p>De m\u00eame, S\u0153ur Mabel Molina a d\u00e9clar\u00e9 : \u00ab Depuis que je savais qu\u2019il y aurait Amada4 en \u00c9quateur, le d\u00e9sir d\u2019en faire partie a grandi en moi. Avant de mettre le pied dans l\u2019avion qui me m\u00e8nerait \u00e0 Guayaquil, j\u2019ai commenc\u00e9 \u00e0 appr\u00e9cier ce que Dieu avait pr\u00e9par\u00e9. L\u2019unit\u00e9 avec mes soeurs chiliennes, qui se pr\u00e9paraient \u00e9galement, et la r\u00e9ception \u00e0 Milagro ont \u00e9t\u00e9 formidables. La chaleur des fr\u00e8res et s\u0153urs rend tout encore meilleur. C\u2019\u00e9tait tr\u00e8s sp\u00e9cial de v\u00e9rifier toute la pr\u00e9paration d\u2019une \u00e9glise qui, avec une telle affection, a tout fait pour nous recevoir le mieux possible. D\u2019autre part, la Parole du Seigneur a parl\u00e9 si clairement des probl\u00e8mes \u00e9ventuels auxquels nous sommes confront\u00e9s dans chacune de nos r\u00e9alit\u00e9s. Il y a beaucoup de le\u00e7ons collect\u00e9es, je me trouve encore \u00e0 dig\u00e9rer tout ce que Dieu a enseign\u00e9, un cadeau merveilleux o\u00f9 je me sentais vraiment ch\u00e9ri \u00bb, conclut-elle.<\/p>\n<p>Le vendredi 26 juillet, l\u2019accent a \u00e9t\u00e9 mis sur les danses folkloriques et la culture des pays d\u2019Am\u00e9rique latine en visite. Et le samedi 27 juillet, chaque participant au programme de cl\u00f4ture a re\u00e7u une photo \u00ab AMADA 4 &#8211; \u00c9quateur \u00bb. Des chapeaux autochtones personnalis\u00e9s ont \u00e9t\u00e9 pr\u00e9sent\u00e9s par la CLA en guise de reconnaissance aux orateurs internationaux pour leurs efforts et leur travail.<\/p>\n<p>\u00ab AMADA 4 \u00bb a \u00e9t\u00e9 une p\u00e9riode de rafra\u00eechissement et de renouveau spirituel, o\u00f9 le Christ a \u00e9t\u00e9 glorifi\u00e9, construisant la vie de nos s\u0153urs bien-aim\u00e9es de la famille de l\u2019Alliance Chr\u00e9tienne et Missionnaire en Am\u00e9rique latine. Nous remercions notre bon Dieu de nous avoir permis de voir Sa puissante action dans les c\u0153urs rendus \u00e0 Ses pieds.<\/p>\n","protected":false},"author":24,"featured_media":23657,"template":"","meta":{"inline_featured_image":false,"ngg_post_thumbnail":0,"_EventAllDay":false,"_EventTimezone":"","_EventStartDate":"","_EventEndDate":"","_EventStartDateUTC":"","_EventEndDateUTC":"","_EventShowMap":false,"_EventShowMapLink":false,"_EventURL":"","_EventCost":"","_EventCostDescription":"","_EventCurrencySymbol":"","_EventCurrencyCode":"","_EventCurrencyPosition":"","_EventDateTimeSeparator":"","_EventTimeRangeSeparator":"","_EventOrganizerID":[],"_EventVenueID":[],"_OrganizerEmail":"","_OrganizerPhone":"","_OrganizerWebsite":"","_VenueAddress":"","_VenueCity":"","_VenueCountry":"","_VenueProvince":"","_VenueState":"","_VenueZip":"","_VenuePhone":"","_VenueURL":"","_VenueStateProvince":"","_VenueLat":"","_VenueLng":"","_VenueShowMap":false,"_VenueShowMapLink":false},"categories":[152,33],"tags":[208,228,266],"class_list":["post-23672","awf-news","type-awf-news","status-publish","has-post-thumbnail","hentry","category-latin-america-fr","category-news-fr","tag-amerique-latine","tag-cla-fr","tag-femmes-ministere"],"_links":{"self":[{"href":"https:\/\/awf.world\/fr\/wp-json\/wp\/v2\/awf-news\/23672","targetHints":{"allow":["GET"]}}],"collection":[{"href":"https:\/\/awf.world\/fr\/wp-json\/wp\/v2\/awf-news"}],"about":[{"href":"https:\/\/awf.world\/fr\/wp-json\/wp\/v2\/types\/awf-news"}],"author":[{"embeddable":true,"href":"https:\/\/awf.world\/fr\/wp-json\/wp\/v2\/users\/24"}],"wp:featuredmedia":[{"embeddable":true,"href":"https:\/\/awf.world\/fr\/wp-json\/wp\/v2\/media\/23657"}],"wp:attachment":[{"href":"https:\/\/awf.world\/fr\/wp-json\/wp\/v2\/media?parent=23672"}],"wp:term":[{"taxonomy":"category","embeddable":true,"href":"https:\/\/awf.world\/fr\/wp-json\/wp\/v2\/categories?post=23672"},{"taxonomy":"post_tag","embeddable":true,"href":"https:\/\/awf.world\/fr\/wp-json\/wp\/v2\/tags?post=23672"}],"curies":[{"name":"wp","href":"https:\/\/api.w.org\/{rel}","templated":true}]}}