{"id":23650,"date":"2019-08-08T11:24:00","date_gmt":"2019-08-08T14:24:00","guid":{"rendered":"http:\/\/awf.world\/awf-news\/lalliance-en-angola-setend-sur-le-continent\/"},"modified":"2019-08-12T14:13:03","modified_gmt":"2019-08-12T17:13:03","slug":"lalliance-en-angola-setend-sur-le-continent","status":"publish","type":"awf-news","link":"https:\/\/awf.world\/fr\/awf-news\/lalliance-en-angola-setend-sur-le-continent\/","title":{"rendered":"L\u2019Alliance en Angola s\u2019\u00e9tend sur le \u00ab continent \u00bb"},"content":{"rendered":"<h3 style=\"text-align: justify;\">La seule \u00c9glise Nationale d\u2019Alliance lusophone en Afrique, l\u2019ICAA (<em>Igreja Crist\u00e3 de Alian\u00e7a em Angola<\/em>) est concentr\u00e9e dans la province de Cabinda, riche en p\u00e9trole, mais il est pr\u00e9vu d\u2019\u00e9tendre sa pr\u00e9sence sur le \u00ab continent \u00bb Angola, en implantant de nouvelles \u00e9glises dans les provinces de Malanje, Moxico et Za\u00efre.<\/h3>\n<p>Les premiers missionnaires de l\u2019Alliance Chr\u00e9tienne et Missionnaire aux \u00c9tats-Unis sont arriv\u00e9s en Angola le 4 f\u00e9vrier 1885 et ont cr\u00e9\u00e9 la mission appel\u00e9e Mission \u00c9vang\u00e9lique de Mboca.\u00c0 partir de l\u00e0, une \u0153uvre fond\u00e9e en 1907 par le r\u00e9v\u00e9rend Elmer E. Christ fut officiellement reconnue par le gouvernement portugais le 21 juin 1910 et, en mars 1914, trois des premiers convertis furent baptis\u00e9s: Maria Muendo, Jo\u00e3o Yedo et David Macosso. Macosso deviendra le premier pasteur de l\u2019\u0153uvre missionnaire de l\u2019\u00e9glise et le 31 juillet 1931, l\u2019\u00e9glise angolaise se voit accorder l\u2019autonomie de l\u2019Alliance Chr\u00e9tienne et Missionnaire.<\/p>\n<figure id=\"attachment_23627\" aria-describedby=\"caption-attachment-23627\" style=\"width: 300px\" class=\"wp-caption alignright\"><img loading=\"lazy\" decoding=\"async\" class=\"size-medium wp-image-23627\" src=\"http:\/\/awf.world\/wp-content\/uploads\/2019\/08\/Angola_Destruction-Mboca-Mission2-300x170.jpg\" alt=\"\" width=\"300\" height=\"170\" srcset=\"https:\/\/awf.world\/wp-content\/uploads\/2019\/08\/Angola_Destruction-Mboca-Mission2-300x170.jpg 300w, https:\/\/awf.world\/wp-content\/uploads\/2019\/08\/Angola_Destruction-Mboca-Mission2-768x434.jpg 768w, https:\/\/awf.world\/wp-content\/uploads\/2019\/08\/Angola_Destruction-Mboca-Mission2-1024x579.jpg 1024w, https:\/\/awf.world\/wp-content\/uploads\/2019\/08\/Angola_Destruction-Mboca-Mission2.jpg 1500w\" sizes=\"auto, (max-width: 300px) 100vw, 300px\" \/><figcaption id=\"caption-attachment-23627\" class=\"wp-caption-text\">Vue partielle de la destruction des structures physiques de la Mission de Mboca<\/figcaption><\/figure>\n<p>Pendant la guerre d\u2019ind\u00e9pendance des Portugais, une grande partie de la population &#8211; ainsi que les missionnaires &#8211; ont quitt\u00e9 l\u2019Angola et la r\u00e9gion. Cela a affect\u00e9 de mani\u00e8re significative l\u2019\u00e9glise locale et les b\u00e2timents des \u00e9glises ont \u00e9t\u00e9 d\u00e9truits. Mais apr\u00e8s la guerre, l\u2019\u00e9glise a \u00e9t\u00e9 r\u00e9tablie et le 26 mars 1998, l\u2019ICAA (<em>Igreja Crist\u00e3 de Alian\u00e7a em Angola<\/em>) est devenue membre de l\u2019AWF. Le gouvernement angolais l\u2019a reconnu l\u00e9galement le 14 f\u00e9vrier 1992. Son pr\u00e9sident et repr\u00e9sentant l\u00e9gal est actuellement le r\u00e9v\u00e9rend Alberto Nguala.&nbsp;<\/p>\n<figure id=\"attachment_23633\" aria-describedby=\"caption-attachment-23633\" style=\"width: 300px\" class=\"wp-caption alignleft\"><img loading=\"lazy\" decoding=\"async\" class=\"size-medium wp-image-23633\" src=\"http:\/\/awf.world\/wp-content\/uploads\/2019\/08\/Angola_Pastors-Retreat_2018-07-300x170.jpg\" alt=\"\" width=\"300\" height=\"170\" srcset=\"https:\/\/awf.world\/wp-content\/uploads\/2019\/08\/Angola_Pastors-Retreat_2018-07-300x170.jpg 300w, https:\/\/awf.world\/wp-content\/uploads\/2019\/08\/Angola_Pastors-Retreat_2018-07-768x434.jpg 768w, https:\/\/awf.world\/wp-content\/uploads\/2019\/08\/Angola_Pastors-Retreat_2018-07-1024x579.jpg 1024w, https:\/\/awf.world\/wp-content\/uploads\/2019\/08\/Angola_Pastors-Retreat_2018-07.jpg 1500w\" sizes=\"auto, (max-width: 300px) 100vw, 300px\" \/><figcaption id=\"caption-attachment-23633\" class=\"wp-caption-text\">Retraite des Pasteurs &#8211; juillet 2018<\/figcaption><\/figure>\n<p>Malgr\u00e9 la pauvret\u00e9, la pers\u00e9cution et la perte de membres, l\u2019\u00e9glise est maintenant stable et cherche \u00e0 \u00eatre pr\u00e9sente \u00e0 l\u2019\u00e9chelle nationale. Elle a plusieurs minist\u00e8res :<\/p>\n<ul>\n<li><strong>L\u2019\u00c9ducation Chr\u00e9tienne <\/strong>est dirig\u00e9e par le r\u00e9v\u00e9rend Ant\u00f3nio Keka da Costa et est responsable pour la pr\u00e9paration et de la supervision de l\u2019\u00e9cole du dimanche.<\/li>\n<li><strong>Jeunesse : <\/strong>Ce d\u00e9partement cherche \u00e0 encourager les\n<figure id=\"attachment_23630\" aria-describedby=\"caption-attachment-23630\" style=\"width: 300px\" class=\"wp-caption alignright\"><img loading=\"lazy\" decoding=\"async\" class=\"size-medium wp-image-23630\" src=\"http:\/\/awf.world\/wp-content\/uploads\/2019\/08\/Angola_Youth-Baptismal-Act-300x170.jpg\" alt=\"\" width=\"300\" height=\"170\" srcset=\"https:\/\/awf.world\/wp-content\/uploads\/2019\/08\/Angola_Youth-Baptismal-Act-300x170.jpg 300w, https:\/\/awf.world\/wp-content\/uploads\/2019\/08\/Angola_Youth-Baptismal-Act-768x434.jpg 768w, https:\/\/awf.world\/wp-content\/uploads\/2019\/08\/Angola_Youth-Baptismal-Act-1024x579.jpg 1024w, https:\/\/awf.world\/wp-content\/uploads\/2019\/08\/Angola_Youth-Baptismal-Act.jpg 1500w\" sizes=\"auto, (max-width: 300px) 100vw, 300px\" \/><figcaption id=\"caption-attachment-23630\" class=\"wp-caption-text\">Jeunes acceptant le bapt\u00eame \u201cActe de Bapt\u00eame\u201d<\/figcaption><\/figure>\n<p>jeunes dans l\u2019\u00e9glise et la soci\u00e9t\u00e9.<\/li>\n<li><strong>Association des Femmes de l\u2019Alliance (ACMAA) :<\/strong> Sa mission est d\u2019appliquer les principes chr\u00e9tiens \u00e0 la maison, \u00e0 l\u2019\u00e9glise et dans la soci\u00e9t\u00e9, y compris la visite \u00e0 l\u2019h\u00f4pital et la r\u00e9\u00e9ducation des prisonni\u00e8res.<\/li>\n<li>\n<figure id=\"attachment_23620\" aria-describedby=\"caption-attachment-23620\" style=\"width: 300px\" class=\"wp-caption alignleft\"><img loading=\"lazy\" decoding=\"async\" class=\"size-medium wp-image-23620\" src=\"http:\/\/awf.world\/wp-content\/uploads\/2019\/08\/Women-Ministry-Angola-300x170.jpg\" alt=\"\" width=\"300\" height=\"170\" srcset=\"https:\/\/awf.world\/wp-content\/uploads\/2019\/08\/Women-Ministry-Angola-300x170.jpg 300w, https:\/\/awf.world\/wp-content\/uploads\/2019\/08\/Women-Ministry-Angola-768x434.jpg 768w, https:\/\/awf.world\/wp-content\/uploads\/2019\/08\/Women-Ministry-Angola-1024x579.jpg 1024w, https:\/\/awf.world\/wp-content\/uploads\/2019\/08\/Women-Ministry-Angola.jpg 1500w\" sizes=\"auto, (max-width: 300px) 100vw, 300px\" \/><figcaption id=\"caption-attachment-23620\" class=\"wp-caption-text\">Joie des femmes de l&rsquo;Alliance apr\u00e8s la r\u00e9union de culte<\/figcaption><\/figure>\n<p><strong>Association des Hommes de l\u2019Alliance (ACHAA) :<\/strong> Ce groupe cherche \u00e0 appliquer les principes chr\u00e9tiens dans la maison, l\u2019\u00e9glise et la soci\u00e9t\u00e9.<\/li>\n<\/ul>\n<p>&nbsp;<\/p>\n<ul>\n<li><strong>Les Missions <\/strong>sont dirig\u00e9es par le r\u00e9v\u00e9rend Tomas Sunda Lelo. La vision est d\u2019implanter des \u00e9glises dans les provinces de Malanje, du Za\u00efre et de Moxico et d\u2019ouvrir davantage de centres dans la capitale, Luanda.<\/li>\n<li><strong>Institut Th\u00e9ologique de l\u2019Alliance Chr\u00e9tienne et Missionnaire en Angola (ITACA) :<\/strong>\n<figure id=\"attachment_23636\" aria-describedby=\"caption-attachment-23636\" style=\"width: 300px\" class=\"wp-caption alignright\"><img loading=\"lazy\" decoding=\"async\" class=\"size-medium wp-image-23636\" src=\"http:\/\/awf.world\/wp-content\/uploads\/2019\/08\/Angola_Pastors-Consectration-New-Millennium_2017-300x170.jpg\" alt=\"\" width=\"300\" height=\"170\" srcset=\"https:\/\/awf.world\/wp-content\/uploads\/2019\/08\/Angola_Pastors-Consectration-New-Millennium_2017-300x170.jpg 300w, https:\/\/awf.world\/wp-content\/uploads\/2019\/08\/Angola_Pastors-Consectration-New-Millennium_2017-768x434.jpg 768w, https:\/\/awf.world\/wp-content\/uploads\/2019\/08\/Angola_Pastors-Consectration-New-Millennium_2017-1024x579.jpg 1024w, https:\/\/awf.world\/wp-content\/uploads\/2019\/08\/Angola_Pastors-Consectration-New-Millennium_2017.jpg 1500w\" sizes=\"auto, (max-width: 300px) 100vw, 300px\" \/><figcaption id=\"caption-attachment-23636\" class=\"wp-caption-text\">Cons\u00e9cration des Pasteurs &#8211; Nouveau Mill\u00e9naire &#8211; 2017<\/figcaption><\/figure>\n<p>Ceci est dirig\u00e9 par le r\u00e9v\u00e9rend Martinho Bingo. En partenariat avec leur \u00e9glise s\u0153ur br\u00e9silienne (ACEMBRAS), il a form\u00e9 des leaders en th\u00e9ologie. Il y a eu sept dipl\u00f4m\u00e9s \u00e0 ce jour.&nbsp;<\/li>\n<\/ul>\n<p><strong>Demandes de pri\u00e8re :<\/strong><\/p>\n<ul>\n<li>Priez pour la construction du Bureau G\u00e9n\u00e9ral.<\/li>\n<li>Priez pour que le travail soit \u00e9tabli dans les provinces du sud : Malanje, Moxico et Za\u00efre.<\/li>\n<li>Priez pour la requalification d\u2019ITACA.<\/li>\n<\/ul>\n","protected":false},"author":24,"featured_media":23639,"template":"","meta":{"inline_featured_image":false,"ngg_post_thumbnail":0,"_EventAllDay":false,"_EventTimezone":"","_EventStartDate":"","_EventEndDate":"","_EventStartDateUTC":"","_EventEndDateUTC":"","_EventShowMap":false,"_EventShowMapLink":false,"_EventURL":"","_EventCost":"","_EventCostDescription":"","_EventCurrencySymbol":"","_EventCurrencyCode":"","_EventCurrencyPosition":"","_EventDateTimeSeparator":"","_EventTimeRangeSeparator":"","_EventOrganizerID":[],"_EventVenueID":[],"_OrganizerEmail":"","_OrganizerPhone":"","_OrganizerWebsite":"","_VenueAddress":"","_VenueCity":"","_VenueCountry":"","_VenueProvince":"","_VenueState":"","_VenueZip":"","_VenuePhone":"","_VenueURL":"","_VenueStateProvince":"","_VenueLat":"","_VenueLng":"","_VenueShowMap":false,"_VenueShowMapLink":false},"categories":[284,33],"tags":[277,278,229,204,322,266,206,251],"class_list":["post-23650","awf-news","type-awf-news","status-publish","has-post-thumbnail","hentry","category-afrique","category-news-fr","tag-afrique","tag-angola-fr","tag-education-theologique","tag-leadership-fr","tag-ministere-de-la-jeunesse","tag-femmes-ministere","tag-missions-fr","tag-pastorale"],"_links":{"self":[{"href":"https:\/\/awf.world\/fr\/wp-json\/wp\/v2\/awf-news\/23650","targetHints":{"allow":["GET"]}}],"collection":[{"href":"https:\/\/awf.world\/fr\/wp-json\/wp\/v2\/awf-news"}],"about":[{"href":"https:\/\/awf.world\/fr\/wp-json\/wp\/v2\/types\/awf-news"}],"author":[{"embeddable":true,"href":"https:\/\/awf.world\/fr\/wp-json\/wp\/v2\/users\/24"}],"wp:featuredmedia":[{"embeddable":true,"href":"https:\/\/awf.world\/fr\/wp-json\/wp\/v2\/media\/23639"}],"wp:attachment":[{"href":"https:\/\/awf.world\/fr\/wp-json\/wp\/v2\/media?parent=23650"}],"wp:term":[{"taxonomy":"category","embeddable":true,"href":"https:\/\/awf.world\/fr\/wp-json\/wp\/v2\/categories?post=23650"},{"taxonomy":"post_tag","embeddable":true,"href":"https:\/\/awf.world\/fr\/wp-json\/wp\/v2\/tags?post=23650"}],"curies":[{"name":"wp","href":"https:\/\/api.w.org\/{rel}","templated":true}]}}