{"id":23595,"date":"2019-07-12T15:51:11","date_gmt":"2019-07-12T18:51:11","guid":{"rendered":"http:\/\/awf.world\/awf-news\/icte-promouvoir-la-philosophie-de-lalliance\/"},"modified":"2019-07-12T15:51:11","modified_gmt":"2019-07-12T18:51:11","slug":"icte-promouvoir-la-philosophie-de-lalliance","status":"publish","type":"awf-news","link":"https:\/\/awf.world\/fr\/awf-news\/icte-promouvoir-la-philosophie-de-lalliance\/","title":{"rendered":"ICTE : Promouvoir la Philosophie de l\u2019Alliance"},"content":{"rendered":"<h3 style=\"text-align: justify;\">Les membres de la Commission Internationale sur l\u2019\u00c9ducation Th\u00e9ologique (ICTE) se sont r\u00e9unis \u00e0 Nyack, New-York pour discuter des moyens par lesquels l\u2019AWF peut encourager les \u00c9glises Nationales de l\u2019Alliance \u00e0 continuer \u00e0 adopter et \u00e0 promouvoir une philosophie de l\u2019Alliance dans leurs minist\u00e8res et leurs contextes.<\/h3>\n<p>Les points suivants ont \u00e9t\u00e9 discut\u00e9s lors de la r\u00e9union qui s\u2019est tenue du 1er au 4 juillet 2019 :<\/p>\n<ol>\n<li>L\u2019Initiative pour les Jeunes \u00c9tudiants s\u2019est d\u00e9roul\u00e9e du 24 au 28 juin 2019 sur le campus de Nyack. Deux \u00e9tudiants de chaque r\u00e9gion de l\u2019AWF ont \u00e9t\u00e9 s\u00e9lectionn\u00e9s, avec des repr\u00e9sentants de Jordanie, du Chili, de la R\u00e9publique dominicaine, de C\u00f4te d\u2019Ivoire, d\u2019Indon\u00e9sie, des Pays-Bas, d\u2019Australie, du Canada et des \u00c9tats-Unis. L\u2019\u00e9valuation g\u00e9n\u00e9rale \u00e9tait positive. Il y avait de bonnes interactions, le sens de la famille de l\u2019Alliance \u00e9tait reconnu par tout le monde. Les enseignements \u00e9taient solides du point de vue th\u00e9ologique et historique et l\u2019exposition \u00e0 l\u2019exp\u00e9rience de l\u2019Alliance (Gu\u00e9rison, Sanctification) \u00e9tait \u00e9galement bonne. Dans l\u2019ensemble, la semaine a \u00e9t\u00e9 bien \u00e9quilibr\u00e9e en th\u00e9orie et en pratique.<\/li>\n<li>Les Symposiums Th\u00e9ologiques, qui ont eu lieu entre 2018 et 2019, ont \u00e9t\u00e9 discut\u00e9s. La Conf\u00e9rence de la CLA (Am\u00e9rique Latine) \u00e0 Mar del Plata, en Argentine, a \u00e9t\u00e9 tr\u00e8s b\u00e9n\u00e9fique, une r\u00e9union de suivi \u00e9tant pr\u00e9vue \u00e0 Lima, au P\u00e9rou. Les sujets abord\u00e9s \u00e9taient les Quatre Piliers de l\u2019\u00c9vangile, la Sanctification, l\u2019Eschatologie et la vie d\u2019A.B. Simpson. La prochaine conf\u00e9rence de la CLA aura lieu en septembre 2019 au Guatemala. La Conf\u00e9rence R\u00e9gionale Africaine s\u2019est tenue \u00e0 Bamako, au Mali. Cela a \u00e9galement \u00e9t\u00e9 bien re\u00e7u. La prochaine conf\u00e9rence r\u00e9gionale aura lieu au Liberia en 2022. La Conf\u00e9rence EMERALD (Europe et Moyen-Orient) a eu lieu \u00e0 Francfort, en Allemagne. Le m\u00eame format a \u00e9t\u00e9 suivi comme ailleurs, sauf qu\u2019il y avait suffisamment de temps pour des discussions en petits groupes linguistiques (arabe, fran\u00e7ais, espagnol, chinois et anglais). La pr\u00e9sence des missionnaires, qui avaient assist\u00e9 aux r\u00e9unions du leadership missionnaire, a \u00e9t\u00e9 bien accueillie. La Conf\u00e9rence APAC (Asie-Pacifique) a \u00e9galement \u00e9t\u00e9 bien accueillie, mais la r\u00e9gion est difficile en raison de la diversit\u00e9 de ses pratiques et de ses probl\u00e8mes th\u00e9ologiques. La prochaine conf\u00e9rence APAC aura lieu en 2022.<\/li>\n<li>Convocation Quadriennale de l\u2019AWF : Le th\u00e8me est \u00ab Aller Plus Loin et Aller Au-del\u00e0 \u00bb. L\u2019ICTE a commenc\u00e9 \u00e0 travailler sur une D\u00e9claration Quadriennale qui sera pr\u00e9sent\u00e9e \u00e0 l\u2019assembl\u00e9e r\u00e9unie.<\/li>\n<li>Recommandations relatives \u00e0 l\u2019Ordination de l\u2019ICTE : L\u2019ICTE recommande aux pays membres de l\u2019AWF que les candidats \u00e0 l\u2019ordination ou \u00e0 la cons\u00e9cration soient en mesure de d\u00e9montrer (au minimum) :<br \/>\na) un niveau de comp\u00e9tence appropri\u00e9 en Connaissances Bibliques, Compr\u00e9hension Th\u00e9ologique et Pratique Pastorale, adapt\u00e9 au contexte de la nation ;<br \/>\nb) un niveau de comp\u00e9tence appropri\u00e9 en ce qui concerne les particularit\u00e9s distinctives de l\u2019Alliance Chr\u00e9tienne et Missionnaire ;<br \/>\nc) un niveau d\u2019exp\u00e9rience appropri\u00e9 dans un contexte minist\u00e9riel donn\u00e9 ; et<br \/>\nd) une \u00e9valuation formelle (\u00e9crite ou orale) de la r\u00e9alisation des points ci-dessus par le candidat.<\/li>\n<li>R\u00e9seau d\u2019Instituts Th\u00e9ologiques de l\u2019Alliance : L\u2019ICTE souhaite voir se d\u00e9velopper un r\u00e9seau entre les Instituts Th\u00e9ologiques de l\u2019Alliance existants et les Coll\u00e8ges Bibliques. Des invitations seront envoy\u00e9es aux Pr\u00e9sidents\/Doyens de Th\u00e9ologie de l\u2019Alliance pour assister \u00e0 une r\u00e9union sp\u00e9ciale au rassemblement Quadriennal. Lors de cette r\u00e9union, le d\u00e9veloppement d\u2019un r\u00e9seau sera discut\u00e9.<\/li>\n<li>R\u00e9pertoire de Th\u00e9ologique de l\u2019AWF (<a href=\"https:\/\/awf.world\/fr\/consulter\/\" target=\"_blank\" rel=\"noopener\">R\u00e9pertoire de l\u2019AWF<\/a>) : De nouvelles discussions ont eu lieu sur le R\u00e9pertoire et l\u2019ajout de mat\u00e9riel. La cr\u00e9ation du Prix de Th\u00e9ologie de l\u2019AWF (voir l\u2019actualit\u00e9 li\u00e9e <a href=\"https:\/\/awf.world\/fr\/awf-news\/prix-de-theologie-de-lawf\/\" target=\"_blank\" rel=\"noopener\">Prix de Th\u00e9ologie de l\u2019AWF<\/a>) aidera \u00e0 d\u00e9velopper des mat\u00e9riaux suppl\u00e9mentaires de nature contemporaine.<\/li>\n<li>Programme International d\u2019Histoire et de Pens\u00e9e de l\u2019Alliance : L\u2019ICTE poursuit l\u2019\u00e9laboration d\u2019un programme officiel d\u2019enseignement de l\u2019Histoire et de la Pens\u00e9e de l\u2019Alliance, qui peut \u00eatre contextualis\u00e9 par chaque r\u00e9gion.<\/li>\n<\/ol>\n<p>La prochaine r\u00e9union de l\u2019ICTE aura lieu \u00e0 Amsterdam, aux Pays-Bas, les 17 et 19 mars 2020. Les membres de la commission appr\u00e9cieront vos pri\u00e8res.<\/p>\n","protected":false},"author":24,"featured_media":23591,"template":"","meta":{"inline_featured_image":false,"ngg_post_thumbnail":0,"_EventAllDay":false,"_EventTimezone":"","_EventStartDate":"","_EventEndDate":"","_EventStartDateUTC":"","_EventEndDateUTC":"","_EventShowMap":false,"_EventShowMapLink":false,"_EventURL":"","_EventCost":"","_EventCostDescription":"","_EventCurrencySymbol":"","_EventCurrencyCode":"","_EventCurrencyPosition":"","_EventDateTimeSeparator":"","_EventTimeRangeSeparator":"","_EventOrganizerID":[],"_EventVenueID":[],"_OrganizerEmail":"","_OrganizerPhone":"","_OrganizerWebsite":"","_VenueAddress":"","_VenueCity":"","_VenueCountry":"","_VenueProvince":"","_VenueState":"","_VenueZip":"","_VenuePhone":"","_VenueURL":"","_VenueStateProvince":"","_VenueLat":"","_VenueLng":"","_VenueShowMap":false,"_VenueShowMapLink":false},"categories":[33],"tags":[277,345],"class_list":["post-23595","awf-news","type-awf-news","status-publish","has-post-thumbnail","hentry","category-news-fr","tag-afrique","tag-commission-internationale-pour-leducation-theologique"],"_links":{"self":[{"href":"https:\/\/awf.world\/fr\/wp-json\/wp\/v2\/awf-news\/23595","targetHints":{"allow":["GET"]}}],"collection":[{"href":"https:\/\/awf.world\/fr\/wp-json\/wp\/v2\/awf-news"}],"about":[{"href":"https:\/\/awf.world\/fr\/wp-json\/wp\/v2\/types\/awf-news"}],"author":[{"embeddable":true,"href":"https:\/\/awf.world\/fr\/wp-json\/wp\/v2\/users\/24"}],"wp:featuredmedia":[{"embeddable":true,"href":"https:\/\/awf.world\/fr\/wp-json\/wp\/v2\/media\/23591"}],"wp:attachment":[{"href":"https:\/\/awf.world\/fr\/wp-json\/wp\/v2\/media?parent=23595"}],"wp:term":[{"taxonomy":"category","embeddable":true,"href":"https:\/\/awf.world\/fr\/wp-json\/wp\/v2\/categories?post=23595"},{"taxonomy":"post_tag","embeddable":true,"href":"https:\/\/awf.world\/fr\/wp-json\/wp\/v2\/tags?post=23595"}],"curies":[{"name":"wp","href":"https:\/\/api.w.org\/{rel}","templated":true}]}}