{"id":23588,"date":"2019-07-12T11:28:22","date_gmt":"2019-07-12T16:28:22","guid":{"rendered":"http:\/\/awf.world\/awf-news\/prix-de-theologie-de-lawf\/"},"modified":"2020-03-23T09:31:45","modified_gmt":"2020-03-23T14:31:45","slug":"prix-de-theologie-de-lawf","status":"publish","type":"awf-news","link":"https:\/\/awf.world\/fr\/awf-news\/prix-de-theologie-de-lawf\/","title":{"rendered":"Prix de Th\u00e9ologie de l\u2019UMA"},"content":{"rendered":"<h3 style=\"text-align: justify;\">L\u2019Union Mondiale de l&rsquo;Alliance (UMA) est heureuse d\u2019annoncer la cr\u00e9ation d\u2019un prix de recherche th\u00e9ologique, le Prix de Th\u00e9ologie de l\u2019UMA.<\/h3>\n<p>Ce prix est administr\u00e9 par la Commission Internationale d\u2019\u00c9ducation Th\u00e9ologique (ICTE) et r\u00e9compense un travail de recherche original consacr\u00e9 \u00e0 l\u2019un des sujets suivants :<\/p>\n<ul>\n<li>L\u2019histoire de l\u2019Alliance Chr\u00e9tienne et Missionnaire ;<\/li>\n<li>La th\u00e9ologie de l\u2019Alliance Chr\u00e9tienne et Missionnaire ; et<\/li>\n<li>Les pratiques missionnaires et eccl\u00e9siales de l\u2019Alliance Chr\u00e9tienne et Missionnaire.<\/li>\n<\/ul>\n<p>Les r\u00e9sultats de cette recherche originale seront pr\u00e9sent\u00e9s sous la forme d\u2019un article acad\u00e9mique de cinq mille (5 000) mots maximum (notes de bas de page non comprises). L\u2019article peut \u00eatre \u00e9crit dans la langue choisie par l\u2019auteur.<\/p>\n<p>Les deux meilleurs articles jug\u00e9s par l\u2019ICTE seront r\u00e9compens\u00e9s par :<\/p>\n<ul>\n<li>Un voyage parrain\u00e9 \u00e0 la Convocation Quadriennale de l\u2019UMA \u00e0 Guayaquil, en \u00c9quateur (billet d\u2019avion, h\u00e9bergement, enregistrement de la conf\u00e9rence inclus ; frais personnels exclus) ;<\/li>\n<li>Publication de l\u2019article sur le R\u00e9f\u00e9rentiel de l\u2019UMA.<\/li>\n<\/ul>\n<p>Les auteurs int\u00e9ress\u00e9s sont invit\u00e9s \u00e0 soumettre leurs articles au pr\u00e9sident de la Commission Internationale pour l\u2019\u00c9ducation Th\u00e9ologique de l\u2019UMA (r\u00e9v\u00e9rend Dr Peter Laughlin, <a href=\"mailto:PLaughlin@acom.edu.au\">PLaughlin@acom.edu.au<\/a>).<\/p>\n<p>Les candidatures sont ouvertes \u00e0 toute personne li\u00e9e \u00e0 l\u2019Alliance.<\/p>\n<p>La date limite de soumission des candidatures est le 14 d\u00e9cembre 2019. Les gagnants du prix seront annonc\u00e9s et notifi\u00e9s apr\u00e8s la r\u00e9union du ICTE du 20 mars 2020.<\/p>\n","protected":false},"author":24,"featured_media":24158,"template":"","meta":{"inline_featured_image":false,"ngg_post_thumbnail":0,"_EventAllDay":false,"_EventTimezone":"","_EventStartDate":"","_EventEndDate":"","_EventStartDateUTC":"","_EventEndDateUTC":"","_EventShowMap":false,"_EventShowMapLink":false,"_EventURL":"","_EventCost":"","_EventCostDescription":"","_EventCurrencySymbol":"","_EventCurrencyCode":"","_EventCurrencyPosition":"","_EventDateTimeSeparator":"","_EventTimeRangeSeparator":"","_EventOrganizerID":[],"_EventVenueID":[],"_OrganizerEmail":"","_OrganizerPhone":"","_OrganizerWebsite":"","_VenueAddress":"","_VenueCity":"","_VenueCountry":"","_VenueProvince":"","_VenueState":"","_VenueZip":"","_VenuePhone":"","_VenueURL":"","_VenueStateProvince":"","_VenueLat":"","_VenueLng":"","_VenueShowMap":false,"_VenueShowMapLink":false},"categories":[33],"tags":[345,229,344],"class_list":["post-23588","awf-news","type-awf-news","status-publish","has-post-thumbnail","hentry","category-news-fr","tag-commission-internationale-pour-leducation-theologique","tag-education-theologique","tag-icte-fr"],"_links":{"self":[{"href":"https:\/\/awf.world\/fr\/wp-json\/wp\/v2\/awf-news\/23588","targetHints":{"allow":["GET"]}}],"collection":[{"href":"https:\/\/awf.world\/fr\/wp-json\/wp\/v2\/awf-news"}],"about":[{"href":"https:\/\/awf.world\/fr\/wp-json\/wp\/v2\/types\/awf-news"}],"author":[{"embeddable":true,"href":"https:\/\/awf.world\/fr\/wp-json\/wp\/v2\/users\/24"}],"wp:featuredmedia":[{"embeddable":true,"href":"https:\/\/awf.world\/fr\/wp-json\/wp\/v2\/media\/24158"}],"wp:attachment":[{"href":"https:\/\/awf.world\/fr\/wp-json\/wp\/v2\/media?parent=23588"}],"wp:term":[{"taxonomy":"category","embeddable":true,"href":"https:\/\/awf.world\/fr\/wp-json\/wp\/v2\/categories?post=23588"},{"taxonomy":"post_tag","embeddable":true,"href":"https:\/\/awf.world\/fr\/wp-json\/wp\/v2\/tags?post=23588"}],"curies":[{"name":"wp","href":"https:\/\/api.w.org\/{rel}","templated":true}]}}