{"id":23286,"date":"2019-06-13T16:49:17","date_gmt":"2019-06-13T19:49:17","guid":{"rendered":"http:\/\/awf.world\/awf-news\/des-pasteurs-de-lalliance-en-inde-mobilises-pour-planter-des-eglises-parmi-les-groupes-de-personnes-non-atteintes\/"},"modified":"2019-06-28T12:29:36","modified_gmt":"2019-06-28T15:29:36","slug":"des-pasteurs-de-lalliance-en-inde-mobilises-pour-planter-des-eglises-parmi-les-groupes-de-personnes-non-atteintes","status":"publish","type":"awf-news","link":"https:\/\/awf.world\/fr\/awf-news\/des-pasteurs-de-lalliance-en-inde-mobilises-pour-planter-des-eglises-parmi-les-groupes-de-personnes-non-atteintes\/","title":{"rendered":"Des Pasteurs de l\u2019Alliance en Inde Mobilis\u00e9s pour Planter des \u00c9glises Parmi les Groupes de Personnes Non Atteintes"},"content":{"rendered":"<h3 style=\"text-align: justify;\">Plus de 25 pasteurs de l\u2019Alliance et leaders de divers minist\u00e8res li\u00e9s \u00e0 l\u2019Alliance Chr\u00e9tienne et Missionnaire en Inde ont partag\u00e9 leur minist\u00e8re actuel et leurs projets futurs de plantation d&rsquo;\u00e9glises et de mission dans les grands groupes non atteints du pays.<\/h3>\n<p>Les rapports du minist\u00e8re et le partage de la vision n\u2019\u00e9taient que l\u2019un des points forts de l\u2019\u00e9v\u00e9nement. Elles sont devenues des fen\u00eatres permettant \u00e0 chacun de voir ce que Dieu fait dans diff\u00e9rentes r\u00e9gions de l\u2019Inde et, en m\u00eame temps, elles offrent un nouvel espoir d\u2019apporter la lumi\u00e8re \u00e9clatante de Dieu au groupe de personnes les moins atteintes et les non atteintes gr\u00e2ce \u00e0 un partenariat dynamique et strat\u00e9gique. En plus de cela, le lien fort d\u2019unit\u00e9 que tout le monde d\u00e9sire au sein du corps de Christ sera restaur\u00e9 \u00e0 sa place la plus compl\u00e8te gr\u00e2ce \u00e0 la puissance de l\u2019Esprit.<\/p>\n<p>Malgr\u00e9 toutes les difficult\u00e9s, le travail de Dieu en Inde continuera \u00e0 vivre et \u00e0 grandir. Un participant a d\u00e9clar\u00e9 : \u00ab CMA vit et grandit en Inde \u00bb. Ainsi, le Seigneur apporta des partenaires potentiels avec des ressources diverses et uniques qui rendront cette affaire possible pour Sa gloire et Son honneur. Si Dieu le veut, de nouveaux partenariats seront form\u00e9s avant la fin de cette ann\u00e9e.<\/p>\n<p>Il s\u2019agissait de la deuxi\u00e8me r\u00e9union de consultation de la NAFI (l\u2019Alliance Nationale Indienne) et s\u2019est tenue les 27 et 29 mai 2019 \u00e0 Mumbai. Reconnaissant ce nouveau d\u00e9but de possibilit\u00e9 pour la CMA de l\u2019Inde et pour conserver son \u00e9lan, une troisi\u00e8me r\u00e9union de la NAFI est pr\u00e9vue pour les 27 et 29 janvier 2020. Les participants attendus seront d&rsquo;environ 50 personnes, y compris de nouveaux partenaires potentiels.<\/p>\n<figure id=\"attachment_23363\" aria-describedby=\"caption-attachment-23363\" style=\"width: 300px\" class=\"wp-caption alignleft\"><img loading=\"lazy\" decoding=\"async\" class=\"size-medium wp-image-23363\" src=\"http:\/\/awf.world\/wp-content\/uploads\/2019\/06\/NAFI-Current-Ad-Hoc-Committee_2019-05-300x169.jpg\" alt=\"\" width=\"300\" height=\"169\" srcset=\"https:\/\/awf.world\/wp-content\/uploads\/2019\/06\/NAFI-Current-Ad-Hoc-Committee_2019-05-300x169.jpg 300w, https:\/\/awf.world\/wp-content\/uploads\/2019\/06\/NAFI-Current-Ad-Hoc-Committee_2019-05-768x432.jpg 768w, https:\/\/awf.world\/wp-content\/uploads\/2019\/06\/NAFI-Current-Ad-Hoc-Committee_2019-05-1024x576.jpg 1024w, https:\/\/awf.world\/wp-content\/uploads\/2019\/06\/NAFI-Current-Ad-Hoc-Committee_2019-05.jpg 1040w\" sizes=\"auto, (max-width: 300px) 100vw, 300px\" \/><figcaption id=\"caption-attachment-23363\" class=\"wp-caption-text\">Actuel Comit\u00e9 Ad-Hoc de la NAFI<\/figcaption><\/figure>\n<p>NAFI est un organe non-l\u00e9gislatif et non-administratif compos\u00e9 de dirigeants cl\u00e9 de l\u2019Alliance qui s\u2019unissent pour cr\u00e9er un partenariat et une coop\u00e9ration. Tous les pasteurs de l\u2019Inde qui s\u2019identifient comme faisant partie du mouvement de l\u2019Alliance Chr\u00e9tienne et Missionnaire et qui souhaitent s\u2019associer \u00e0 de nouvelles initiatives de plantation d\u2019\u00e9glises et de missions sont invit\u00e9s \u00e0 participer.<\/p>\n","protected":false},"author":24,"featured_media":23283,"template":"","meta":{"inline_featured_image":false,"ngg_post_thumbnail":0,"_EventAllDay":false,"_EventTimezone":"","_EventStartDate":"","_EventEndDate":"","_EventStartDateUTC":"","_EventEndDateUTC":"","_EventShowMap":false,"_EventShowMapLink":false,"_EventURL":"","_EventCost":"","_EventCostDescription":"","_EventCurrencySymbol":"","_EventCurrencyCode":"","_EventCurrencyPosition":"","_EventDateTimeSeparator":"","_EventTimeRangeSeparator":"","_EventOrganizerID":[],"_EventVenueID":[],"_OrganizerEmail":"","_OrganizerPhone":"","_OrganizerWebsite":"","_VenueAddress":"","_VenueCity":"","_VenueCountry":"","_VenueProvince":"","_VenueState":"","_VenueZip":"","_VenuePhone":"","_VenueURL":"","_VenueStateProvince":"","_VenueLat":"","_VenueLng":"","_VenueShowMap":false,"_VenueShowMapLink":false},"categories":[150,33],"tags":[196,260],"class_list":["post-23286","awf-news","type-awf-news","status-publish","has-post-thumbnail","hentry","category-asia-pacific","category-news-fr","tag-apac-fr","tag-inde"],"_links":{"self":[{"href":"https:\/\/awf.world\/fr\/wp-json\/wp\/v2\/awf-news\/23286","targetHints":{"allow":["GET"]}}],"collection":[{"href":"https:\/\/awf.world\/fr\/wp-json\/wp\/v2\/awf-news"}],"about":[{"href":"https:\/\/awf.world\/fr\/wp-json\/wp\/v2\/types\/awf-news"}],"author":[{"embeddable":true,"href":"https:\/\/awf.world\/fr\/wp-json\/wp\/v2\/users\/24"}],"wp:featuredmedia":[{"embeddable":true,"href":"https:\/\/awf.world\/fr\/wp-json\/wp\/v2\/media\/23283"}],"wp:attachment":[{"href":"https:\/\/awf.world\/fr\/wp-json\/wp\/v2\/media?parent=23286"}],"wp:term":[{"taxonomy":"category","embeddable":true,"href":"https:\/\/awf.world\/fr\/wp-json\/wp\/v2\/categories?post=23286"},{"taxonomy":"post_tag","embeddable":true,"href":"https:\/\/awf.world\/fr\/wp-json\/wp\/v2\/tags?post=23286"}],"curies":[{"name":"wp","href":"https:\/\/api.w.org\/{rel}","templated":true}]}}