{"id":23280,"date":"2019-06-11T11:19:15","date_gmt":"2019-06-11T14:19:15","guid":{"rendered":"http:\/\/awf.world\/awf-news\/travailleurs-du-ministere-arabe\/"},"modified":"2019-06-28T11:56:12","modified_gmt":"2019-06-28T14:56:12","slug":"travailleurs-du-ministere-arabe","status":"publish","type":"awf-news","link":"https:\/\/awf.world\/fr\/awf-news\/travailleurs-du-ministere-arabe\/","title":{"rendered":"Travailleurs du Minist\u00e8re Arabe"},"content":{"rendered":"<h3 style=\"text-align: justify;\">Quarante participants d\u2019origine arabe de dix pays se sont rencontr\u00e9s lors de l\u2019Atelier de Pr\u00e9-Conf\u00e9rence du Minist\u00e8re Arabe \u00e0 la Conf\u00e9rence R\u00e9gionale AWF EMERALD pour \u00e9changer sur leurs \u00e9glises et discuter de la proximit\u00e9 avec les musulmans.<\/h3>\n<p>Johan de Bmalke a d\u00e9clar\u00e9 que les d\u00e9l\u00e9gu\u00e9s pr\u00e9sents \u00e0 la conf\u00e9rence ont \u00e9t\u00e9 accueillis avec \u00ab un accueil chaleureux et un traitement g\u00e9n\u00e9reux \u00bb. C\u2019\u00e9tait la premi\u00e8re fois que beaucoup de ces pasteurs et dirigeants se r\u00e9unissaient, \u00ab un moment opportun \u2026 Pour partager des pri\u00e8res, des nouvelles et une vision, \u00bb a d\u00e9clar\u00e9 Samir de Swaida. Ils ont discut\u00e9 de l\u2019atteinte du monde musulman non seulement dans leur propre pays, mais \u00e9galement parmi les r\u00e9fugi\u00e9s musulmans et la population immigr\u00e9e en Europe. Les pasteurs ont discut\u00e9 des probl\u00e8mes qu\u2019ils ont en commun dans leurs \u00e9glises et de diverses strat\u00e9gies de diffusion.<\/p>\n<p>Les pasteurs \u00ab ont r\u00e9alis\u00e9 qu\u2019ils n\u2019\u00e9taient pas les seuls \u00e0 se battre, car il y a une arm\u00e9e dans le monde entier qui contribue \u00e0 la diffusion de la Parole, \u00bb a d\u00e9clar\u00e9 Naim. Un autre d\u00e9l\u00e9gu\u00e9, Essam, a d\u00e9clar\u00e9 : \u00ab Je suis ravi et j\u2019ai grandi spirituellement. Ma vision du minist\u00e8re a \u00e9t\u00e9 \u00e9largie. \u00bb Samih a d\u00e9clar\u00e9 : \u00ab Cela nous permettra certainement de rentrer chez nous avec un nouvel engagement et une d\u00e9termination pour le travail et le service. \u00bb<\/p>\n<p>Yassir Eric, expert en islam et directeur de l\u2019Institut Europ\u00e9en pour les Migrations, l\u2019Int\u00e9gration et les Questions Islamiques (EIMI), \u00e9tait l\u2019orateur de l\u2019atelier du minist\u00e8re arabe. Plusieurs de ces d\u00e9l\u00e9gu\u00e9s ont assist\u00e9 \u00e0 la conf\u00e9rence avec le soutien financier de la famille de l&rsquo;Alliance Chr\u00e9tienne et Missionnaire.<\/p>\n","protected":false},"author":24,"featured_media":23277,"template":"","meta":{"inline_featured_image":false,"ngg_post_thumbnail":0,"_EventAllDay":false,"_EventTimezone":"","_EventStartDate":"","_EventEndDate":"","_EventStartDateUTC":"","_EventEndDateUTC":"","_EventShowMap":false,"_EventShowMapLink":false,"_EventURL":"","_EventCost":"","_EventCostDescription":"","_EventCurrencySymbol":"","_EventCurrencyCode":"","_EventCurrencyPosition":"","_EventDateTimeSeparator":"","_EventTimeRangeSeparator":"","_EventOrganizerID":[],"_EventVenueID":[],"_OrganizerEmail":"","_OrganizerPhone":"","_OrganizerWebsite":"","_VenueAddress":"","_VenueCity":"","_VenueCountry":"","_VenueProvince":"","_VenueState":"","_VenueZip":"","_VenuePhone":"","_VenueURL":"","_VenueStateProvince":"","_VenueLat":"","_VenueLng":"","_VenueShowMap":false,"_VenueShowMapLink":false},"categories":[145,33],"tags":[200,204,251,257],"class_list":["post-23280","awf-news","type-awf-news","status-publish","has-post-thumbnail","hentry","category-europe-middle-east","category-news-fr","tag-emerald-fr","tag-leadership-fr","tag-pastorale","tag-vision-fr"],"_links":{"self":[{"href":"https:\/\/awf.world\/fr\/wp-json\/wp\/v2\/awf-news\/23280","targetHints":{"allow":["GET"]}}],"collection":[{"href":"https:\/\/awf.world\/fr\/wp-json\/wp\/v2\/awf-news"}],"about":[{"href":"https:\/\/awf.world\/fr\/wp-json\/wp\/v2\/types\/awf-news"}],"author":[{"embeddable":true,"href":"https:\/\/awf.world\/fr\/wp-json\/wp\/v2\/users\/24"}],"wp:featuredmedia":[{"embeddable":true,"href":"https:\/\/awf.world\/fr\/wp-json\/wp\/v2\/media\/23277"}],"wp:attachment":[{"href":"https:\/\/awf.world\/fr\/wp-json\/wp\/v2\/media?parent=23280"}],"wp:term":[{"taxonomy":"category","embeddable":true,"href":"https:\/\/awf.world\/fr\/wp-json\/wp\/v2\/categories?post=23280"},{"taxonomy":"post_tag","embeddable":true,"href":"https:\/\/awf.world\/fr\/wp-json\/wp\/v2\/tags?post=23280"}],"curies":[{"name":"wp","href":"https:\/\/api.w.org\/{rel}","templated":true}]}}