{"id":23182,"date":"2019-05-30T15:34:41","date_gmt":"2019-05-30T18:34:41","guid":{"rendered":"http:\/\/awf.world\/awf-news\/discerner-ensemble-les-nouvelles-initiatives-missionnaires\/"},"modified":"2019-06-27T09:07:24","modified_gmt":"2019-06-27T12:07:24","slug":"discerner-ensemble-les-nouvelles-initiatives-missionnaires","status":"publish","type":"awf-news","link":"https:\/\/awf.world\/fr\/awf-news\/discerner-ensemble-les-nouvelles-initiatives-missionnaires\/","title":{"rendered":"Discerner Ensemble les Nouvelles Initiatives Missionnaires"},"content":{"rendered":"<h3 style=\"text-align: justify;\">Alors que de plus en plus d\u2019\u00c9glises de l\u2019Alliance Nationale envoient des missionnaires de diff\u00e9rentes cultures, les leaders de mission se r\u00e9unissent pour discerner dans la pri\u00e8re les prochaines \u00e9tapes pour accomplir le mandat de Dieu de proclamer le Christ \u00e0 toutes les nations.<\/h3>\n<p>Le R\u00e9seau Mondial des Leaders de Missions de l\u2019AWF s\u2019est r\u00e9uni \u00e0 Limbourg, Allemagne (les 27 et 28 avril 2019) pour partager la fa\u00e7on dont les \u00e9glises nationales qu\u2019ils repr\u00e9sentent ont per\u00e7u l\u2019orientation de Dieu vers de nouvelles initiatives missionnaires.<\/p>\n<p><img loading=\"lazy\" decoding=\"async\" class=\"size-medium wp-image-23173 alignleft\" src=\"http:\/\/awf.world\/wp-content\/uploads\/2019\/05\/20190429_145350-300x225.jpg\" alt=\"\" width=\"300\" height=\"225\" srcset=\"https:\/\/awf.world\/wp-content\/uploads\/2019\/05\/20190429_145350-300x225.jpg 300w, https:\/\/awf.world\/wp-content\/uploads\/2019\/05\/20190429_145350-768x576.jpg 768w, https:\/\/awf.world\/wp-content\/uploads\/2019\/05\/20190429_145350-1024x768.jpg 1024w, https:\/\/awf.world\/wp-content\/uploads\/2019\/05\/20190429_145350.jpg 1500w\" sizes=\"auto, (max-width: 300px) 100vw, 300px\" \/><\/p>\n<p>Parfois, certaines \u00c9glises de l\u2019Alliance Nationale sont mieux plac\u00e9es que d\u2019autres pour atteindre certains groupes de personnes non atteintes. Discerner ensemble la direction de Dieu pour notre mouvement missionnaire a \u00e9t\u00e9 une merveilleuse exp\u00e9rience collective pour les 25 participants \u00e0 la r\u00e9union. Une importance particuli\u00e8re a \u00e9t\u00e9 accord\u00e9e aux groupes les moins atteints parmi les peuples non atteints, les Groupes de Peuples des Fronti\u00e8res, avec moins de 0,1 % de chr\u00e9tiens de tous types. Des initiatives missionnaires impliquant des groupes de peuples des fronti\u00e8res en Afrique du Nord et de l\u2019Ouest, au Moyen-Orient et en Asie du Sud-Est et centrale ont \u00e9t\u00e9 abord\u00e9es.<\/p>\n<p>Offrir des programmes de formation missionnaire contextualis\u00e9s en Am\u00e9rique latine, en Espagne et en Afrique ont \u00e9t\u00e9 identifi\u00e9s comme des opportunit\u00e9s de partenariat. Un nouveau mod\u00e8le d\u2019Entreprise en tant que Mission a \u00e9t\u00e9 discut\u00e9 et des \u00e9tapes pratiques pour la mise en \u0153uvre ont \u00e9t\u00e9 expos\u00e9es.<\/p>\n<p><img loading=\"lazy\" decoding=\"async\" class=\"alignright size-medium wp-image-23179\" src=\"http:\/\/awf.world\/wp-content\/uploads\/2019\/05\/Mission-Leaders-Meeting_Germany_2019-045-300x225.jpg\" alt=\"\" width=\"300\" height=\"225\" srcset=\"https:\/\/awf.world\/wp-content\/uploads\/2019\/05\/Mission-Leaders-Meeting_Germany_2019-045-300x225.jpg 300w, https:\/\/awf.world\/wp-content\/uploads\/2019\/05\/Mission-Leaders-Meeting_Germany_2019-045-768x576.jpg 768w, https:\/\/awf.world\/wp-content\/uploads\/2019\/05\/Mission-Leaders-Meeting_Germany_2019-045-1024x768.jpg 1024w, https:\/\/awf.world\/wp-content\/uploads\/2019\/05\/Mission-Leaders-Meeting_Germany_2019-045.jpg 1500w\" sizes=\"auto, (max-width: 300px) 100vw, 300px\" \/><\/p>\n<p>Parmi les autres sujets abord\u00e9s figuraient la compassion et la mission, en particulier le d\u00e9veloppement communautaire en Afrique et la crise des r\u00e9fugi\u00e9s v\u00e9n\u00e9zu\u00e9liens. Tous ces sujets font partie de l\u2019ordre du jour pour de futures discussions et pri\u00e8res alors que les participants du r\u00e9seau continuent \u00e0 interagir.<\/p>\n<p>La prochaine R\u00e9union du R\u00e9seau Mondial des Leaders de Mission de l\u2019AWF aura lieu \u00e0 Guayaquil, en \u00c9quateur, le 19 octobre, juste avant la convocation quadriennale de l\u2019AWF.<\/p>\n","protected":false},"author":24,"featured_media":23177,"template":"","meta":{"inline_featured_image":false,"ngg_post_thumbnail":0,"_EventAllDay":false,"_EventTimezone":"","_EventStartDate":"","_EventEndDate":"","_EventStartDateUTC":"","_EventEndDateUTC":"","_EventShowMap":false,"_EventShowMapLink":false,"_EventURL":"","_EventCost":"","_EventCostDescription":"","_EventCurrencySymbol":"","_EventCurrencyCode":"","_EventCurrencyPosition":"","_EventDateTimeSeparator":"","_EventTimeRangeSeparator":"","_EventOrganizerID":[],"_EventVenueID":[],"_OrganizerEmail":"","_OrganizerPhone":"","_OrganizerWebsite":"","_VenueAddress":"","_VenueCity":"","_VenueCountry":"","_VenueProvince":"","_VenueState":"","_VenueZip":"","_VenuePhone":"","_VenueURL":"","_VenueStateProvince":"","_VenueLat":"","_VenueLng":"","_VenueShowMap":false,"_VenueShowMapLink":false},"categories":[33],"tags":[238,206],"class_list":["post-23182","awf-news","type-awf-news","status-publish","has-post-thumbnail","hentry","category-news-fr","tag-allemagne","tag-missions-fr"],"_links":{"self":[{"href":"https:\/\/awf.world\/fr\/wp-json\/wp\/v2\/awf-news\/23182","targetHints":{"allow":["GET"]}}],"collection":[{"href":"https:\/\/awf.world\/fr\/wp-json\/wp\/v2\/awf-news"}],"about":[{"href":"https:\/\/awf.world\/fr\/wp-json\/wp\/v2\/types\/awf-news"}],"author":[{"embeddable":true,"href":"https:\/\/awf.world\/fr\/wp-json\/wp\/v2\/users\/24"}],"wp:featuredmedia":[{"embeddable":true,"href":"https:\/\/awf.world\/fr\/wp-json\/wp\/v2\/media\/23177"}],"wp:attachment":[{"href":"https:\/\/awf.world\/fr\/wp-json\/wp\/v2\/media?parent=23182"}],"wp:term":[{"taxonomy":"category","embeddable":true,"href":"https:\/\/awf.world\/fr\/wp-json\/wp\/v2\/categories?post=23182"},{"taxonomy":"post_tag","embeddable":true,"href":"https:\/\/awf.world\/fr\/wp-json\/wp\/v2\/tags?post=23182"}],"curies":[{"name":"wp","href":"https:\/\/api.w.org\/{rel}","templated":true}]}}