{"id":23139,"date":"2019-05-17T16:21:58","date_gmt":"2019-05-17T19:21:58","guid":{"rendered":"http:\/\/awf.world\/awf-news\/conference-regionale-awf-emerald-europe-et-moyen-orient-en-allemagne-1-4-mai-2019\/"},"modified":"2019-05-17T16:21:58","modified_gmt":"2019-05-17T19:21:58","slug":"conference-regionale-awf-emerald-europe-et-moyen-orient-en-allemagne-1-4-mai-2019","status":"publish","type":"awf-news","link":"https:\/\/awf.world\/fr\/awf-news\/conference-regionale-awf-emerald-europe-et-moyen-orient-en-allemagne-1-4-mai-2019\/","title":{"rendered":"Conf\u00e9rence R\u00e9gionale AWF EMERALD (Europe et Moyen-Orient) en Allemagne (1-4 mai 2019)"},"content":{"rendered":"<p>&nbsp;<\/p>\n<h4 style=\"text-align: justify;\">La Conf\u00e9rence R\u00e9gionale AWF EMERALD 2019 \u00e9tait la plus grande conf\u00e9rence r\u00e9gionale de l\u2019AWF de l\u2019histoire, avec plus de 140 d\u00e9l\u00e9gu\u00e9s pr\u00e9sents de la r\u00e9gion et de la grande famille de l\u2019AWF, y compris m\u00eame d\u2019Am\u00e9rique Latine.<\/h4>\n<p>La r\u00e9union a d\u00e9but\u00e9 par des ateliers minist\u00e9riels pr\u00e9-conf\u00e9rence bas\u00e9e sur des groupes linguistiques (latino, arabe et chinois). De nombreux pasteurs de l\u2019Alliance du Moyen-Orient ont pu assister \u00e0 la conf\u00e9rence et aux ateliers du minist\u00e8re pr\u00e9-conf\u00e9rence gr\u00e2ce \u00e0 la g\u00e9n\u00e9rosit\u00e9 de la famille de l\u2019Alliance.<\/p>\n<p><img loading=\"lazy\" decoding=\"async\" class=\"alignleft size-medium wp-image-23136\" src=\"http:\/\/awf.world\/wp-content\/uploads\/2019\/05\/Emerald-Regional-Conference_Germany_Bernie_2019-05-300x200.jpg\" alt=\"\" width=\"300\" height=\"200\" srcset=\"https:\/\/awf.world\/wp-content\/uploads\/2019\/05\/Emerald-Regional-Conference_Germany_Bernie_2019-05-300x200.jpg 300w, https:\/\/awf.world\/wp-content\/uploads\/2019\/05\/Emerald-Regional-Conference_Germany_Bernie_2019-05-768x512.jpg 768w, https:\/\/awf.world\/wp-content\/uploads\/2019\/05\/Emerald-Regional-Conference_Germany_Bernie_2019-05-1024x682.jpg 1024w, https:\/\/awf.world\/wp-content\/uploads\/2019\/05\/Emerald-Regional-Conference_Germany_Bernie_2019-05-272x182.jpg 272w, https:\/\/awf.world\/wp-content\/uploads\/2019\/05\/Emerald-Regional-Conference_Germany_Bernie_2019-05.jpg 1500w\" sizes=\"auto, (max-width: 300px) 100vw, 300px\" \/><\/p>\n<p>Le th\u00e8me de la conf\u00e9rence \u00e9tait \u00ab Vivre dans le Quadruple \u00c9vangile \u00bb et comprenait un symposium de Th\u00e9ologie de l\u2019Alliance. Le conf\u00e9rencier principal \u00e9tait le Dr Bernie A. Van De Walle, pr\u00e9sident de la Commission Internationale pour l\u2019\u00c9ducation Th\u00e9ologique (AWF-ICTE), et les sujets abord\u00e9s au symposium \u00e9taient notamment \u00ab J\u00e9sus est l\u2019\u00c9vangile \u00bb et \u00ab Sauver l\u2019\u00c9vangile \u00bb. Les repr\u00e9sentants d\u2019EMERALD \u00e0 l\u2019AWF-ICTE, les docteurs Jack Sara de l\u2019Universit\u00e9 Biblique de Bethl\u00e9em (Bethlehem Bible College) et Marco Wittenberg ont dirig\u00e9 les groupes de discussion du symposium.<\/p>\n<p>Les s\u00e9ances d\u2019enseignement du soir sur le th\u00e8me \u00ab Vivre dans le Quadruple \u00c9vangile \u00bb \u00e9t\u00e9 dirig\u00e9es par les pasteurs Steve Fowler et Rob Bashioum de Salem Alliance. Des t\u00e9moignages ont \u00e9galement \u00e9t\u00e9 recueillis dans les missions du Moyen-Orient et de la diaspora en Europe, ainsi que des expos\u00e9s sur l\u2019\u00e9volution de la mission dans le monde.<\/p>\n<p>Au cours de la conf\u00e9rence, la r\u00e9gion EMERALD de l\u2019AWF a adopt\u00e9 un nouvel \u00e9nonc\u00e9 de vision pour la r\u00e9gion :<\/p>\n<p><em>\u00ab La mission de l\u2019Alliance World Fellowship et de la r\u00e9gion EMERALD est de faciliter la coop\u00e9ration entre ses membres (\u00e9glises et organisations) tout en \u0153uvrant \u00e0 la r\u00e9alisation de la Grande Commission.<\/em><\/p>\n<p>\u00ab <em>La vision de l\u2019Alliance World Fellowship est que la r\u00e9gion de l\u2019EMERALD devient une plateforme de partenariats et de camaraderie centr\u00e9s sur le Royaume au sein de la famille de l\u2019Alliance dans notre r\u00e9gion afin de promouvoir l\u2019\u00c9vangile dans notre travail commun en vue de l\u2019accomplissement de la Grande Commission. \u00bb<\/em><\/p>\n<p>La r\u00e9union de travail d\u2019EMERALD a confirm\u00e9 la nomination du pasteur Munther Shahatit (Jordanie) au poste de Coordonnateur R\u00e9gional et l\u2019\u00e9lection du pasteur Misha Medvedev (Russie) au Comit\u00e9 de Coordination R\u00e9gional. La famille EMERALD a \u00e9galement rendu hommage \u00e0 Philip Margesson, secr\u00e9taire \u00e0 la retraite de l\u2019EMERALD, pour son engagement de plus de 40 ans au sein de la famille Alliance.<\/p>\n<p>Les d\u00e9l\u00e9gu\u00e9s francophones pr\u00e9sents \u00e0 la conf\u00e9rence se sont \u00e9galement rencontr\u00e9s pour discuter de la possibilit\u00e9 de cr\u00e9er un groupe francophone de l\u2019Alliance au sein de l\u2019Alliance World Fellowship.<\/p>\n<p>La prochaine r\u00e9union r\u00e9gionale de l\u2019AWF EMERALD aura lieu lors de la Convocation Quadriennale de l\u2019Alliance World Fellowship sur le th\u00e8me \u00ab Aller Plus Loin &amp; Aller Au-del\u00e0 \u00bb et se tiendra au Sheraton Guayaquil H\u00f4tel, \u00c9quateur, du 20 au 24 octobre 2020. Le Comit\u00e9 de Coordination R\u00e9gional AWF EMERALD met en place des plans pour que toutes les \u00c9glises de l\u2019Alliance Nationale de la r\u00e9gion EMERALD de l\u2019AWF envoient des d\u00e9l\u00e9gu\u00e9s \u00e0 la Quadriennale de l\u2019AWF.<\/p>\n","protected":false},"author":24,"featured_media":23134,"template":"","meta":{"inline_featured_image":false,"ngg_post_thumbnail":0,"_EventAllDay":false,"_EventTimezone":"","_EventStartDate":"","_EventEndDate":"","_EventStartDateUTC":"","_EventEndDateUTC":"","_EventShowMap":false,"_EventShowMapLink":false,"_EventURL":"","_EventCost":"","_EventCostDescription":"","_EventCurrencySymbol":"","_EventCurrencyCode":"","_EventCurrencyPosition":"","_EventDateTimeSeparator":"","_EventTimeRangeSeparator":"","_EventOrganizerID":[],"_EventVenueID":[],"_OrganizerEmail":"","_OrganizerPhone":"","_OrganizerWebsite":"","_VenueAddress":"","_VenueCity":"","_VenueCountry":"","_VenueProvince":"","_VenueState":"","_VenueZip":"","_VenuePhone":"","_VenueURL":"","_VenueStateProvince":"","_VenueLat":"","_VenueLng":"","_VenueShowMap":false,"_VenueShowMapLink":false},"categories":[145,33],"tags":[238,345,200,344,204,206],"class_list":["post-23139","awf-news","type-awf-news","status-publish","has-post-thumbnail","hentry","category-europe-middle-east","category-news-fr","tag-allemagne","tag-commission-internationale-pour-leducation-theologique","tag-emerald-fr","tag-icte-fr","tag-leadership-fr","tag-missions-fr"],"_links":{"self":[{"href":"https:\/\/awf.world\/fr\/wp-json\/wp\/v2\/awf-news\/23139","targetHints":{"allow":["GET"]}}],"collection":[{"href":"https:\/\/awf.world\/fr\/wp-json\/wp\/v2\/awf-news"}],"about":[{"href":"https:\/\/awf.world\/fr\/wp-json\/wp\/v2\/types\/awf-news"}],"author":[{"embeddable":true,"href":"https:\/\/awf.world\/fr\/wp-json\/wp\/v2\/users\/24"}],"wp:featuredmedia":[{"embeddable":true,"href":"https:\/\/awf.world\/fr\/wp-json\/wp\/v2\/media\/23134"}],"wp:attachment":[{"href":"https:\/\/awf.world\/fr\/wp-json\/wp\/v2\/media?parent=23139"}],"wp:term":[{"taxonomy":"category","embeddable":true,"href":"https:\/\/awf.world\/fr\/wp-json\/wp\/v2\/categories?post=23139"},{"taxonomy":"post_tag","embeddable":true,"href":"https:\/\/awf.world\/fr\/wp-json\/wp\/v2\/tags?post=23139"}],"curies":[{"name":"wp","href":"https:\/\/api.w.org\/{rel}","templated":true}]}}