{"id":23130,"date":"2019-05-17T15:51:46","date_gmt":"2019-05-17T18:51:46","guid":{"rendered":"http:\/\/awf.world\/awf-news\/connaissez-nguessan-kouadio-noel-le-nouveau-president-de-leglise-cma-de-cote-divoire\/"},"modified":"2019-05-30T16:33:24","modified_gmt":"2019-05-30T19:33:24","slug":"connaissez-nguessan-kouadio-noel-le-nouveau-president-de-leglise-cma-de-cote-divoire","status":"publish","type":"awf-news","link":"https:\/\/awf.world\/fr\/awf-news\/connaissez-nguessan-kouadio-noel-le-nouveau-president-de-leglise-cma-de-cote-divoire\/","title":{"rendered":"Connaissez Noel N\u2019Guessan Kouadio, le nouveau Pr\u00e9sident de l\u2019\u00c9glise CMA de C\u00f4te d\u2019Ivoire"},"content":{"rendered":"<p>&nbsp;<\/p>\n<h4 style=\"text-align: justify;\">Le\u00a0r\u00e9v\u00e9rend\u00a0Noel\u00a0N\u2019Guessan Kouadio est le nouveau pr\u00e9sident de l\u2019\u00c9glise CMA de C\u00f4te d\u2019Ivoire et fait partie de la troisi\u00e8me g\u00e9n\u00e9ration de sa famille \u00e0 servir Dieu au travers de l\u2019Alliance Chr\u00e9tienne et Missionnaire. Sa vision est de voir la gloire de Dieu restaur\u00e9e au sein de l\u2019Alliance, dans le monde entier et dans son pays.<\/h4>\n<p>Noel N\u2019Guessan Kuoadio est n\u00e9 au c\u0153ur de la C\u00f4te d\u2019Ivoire, lieu o\u00f9 le minist\u00e8re CMA a commenc\u00e9 dans ce pays. Sa d\u00e9cision d&rsquo;accepter J\u00e9sus comme son Seigneur et Sauveur a \u00e9t\u00e9 prise \u00e0 un jeune \u00e2ge en raison de la mort d\u2019un ami proche. Le pasteur a d\u00e9clar\u00e9 : \u00ab J\u2019avais un fort sentiment que j\u2019\u00e9tais loin de Dieu et que cette mort aurait pu \u00eatre la mienne \u00bb. Apr\u00e8s la conversion de N\u2019Guessan, Dieu l\u2019appela \u00e0 travailler \u00e0 temps plein. Il est la troisi\u00e8me g\u00e9n\u00e9ration de sa famille \u00e0 servir notre Seigneur.<\/p>\n<p>C\u2019\u00e9tait quand son minist\u00e8re a commenc\u00e9. Apr\u00e8s des \u00e9tudes th\u00e9ologiques \u00e0 l\u2019Institut Biblique de l\u2019Alliance Chr\u00e9tienne de C\u00f4te d\u2019Ivoire, le r\u00e9v\u00e9rend N\u2019Guessan a exerc\u00e9 les fonctions de pasteur pendant de nombreuses ann\u00e9es. Plus tard, il a obtenu une ma\u00eetrise en th\u00e9ologie \u00e0 la Facult\u00e9 de Th\u00e9ologie \u00c9vang\u00e9lique de l\u2019Alliance Chr\u00e9tienne (FATEAC) \u00e0 Abidjan, en C\u00f4te d\u2019Ivoire.<\/p>\n<p>Apr\u00e8s avoir enseign\u00e9 pendant quelques ann\u00e9es dans cette institution, N\u2019Guessan s\u2019est rendu en France pour une th\u00e8se de doctorat en th\u00e9ologie \u00e0 la Facult\u00e9 Libre de Th\u00e9ologie \u00c9vang\u00e9lique de Vaux-sur-Seine (FLTE). Il enseigne actuellement \u00e0 l\u2019Universit\u00e9 de l\u2019Alliance Chr\u00e9tienne d\u2019Abidjan (UACA), o\u00f9 il est Chef du D\u00e9partement de Th\u00e9ologie.<\/p>\n<p>Le r\u00e9v\u00e9rende N\u2019Guessan est mari\u00e9e \u00e0 Aim\u00e9e-Chantal N&rsquo;Guessan depuis 23 ans. Ensemble, ils ont cinq enfants : deux filles &#8211; une fille de 20 ans et une fille de 16 ans &#8211; et trois fils &#8211; une fille de 8 ans, une fille de 12 ans et une fille de 18 ans.<\/p>\n<p>N\u2019Guessan a \u00e9t\u00e9 \u00e9lue pr\u00e9sidente de l\u2019\u00c9glise CMA de C\u00f4te d\u2019Ivoire lors de la 43e Conf\u00e9rence de l\u2019\u00e9glise le 16 mars 2019, par les 900 d\u00e9l\u00e9gu\u00e9s pr\u00e9sents. Il sera en fonction pour les quatre prochaines ann\u00e9es, apr\u00e8s quand il pourrait \u00eatre r\u00e9\u00e9lu.<\/p>\n<p>Le r\u00e9v\u00e9rend N\u2019Guessan comprend que \u00ab L\u2019\u00c9glise existe pour adorer Dieu, pour former ses membres et pour se tourner vers le monde perdu. \u00bb, et c\u2019est la pri\u00e8re du pasteur et son espoir que Dieu utilisera l\u2019\u00e9glise pour atteindre ces trois objectifs et vivre \u00e0 nouveau l\u2019\u00e9vangile dans sa pl\u00e9nitude.<\/p>\n<p>N\u2019Guessan nous demande de prier pour qu\u2019il puisse \u00e9quilibrer ses devoirs et responsabilit\u00e9s en tant que pr\u00e9sident avec sa vie de famille. Il nous demande \u00e9galement de prier pour que Dieu l\u2019aide \u00e0 rester pr\u00eat dans son c\u0153ur \u00e0 \u00eatre une grande source de b\u00e9n\u00e9diction pour l\u2019\u00e9glise. Quant \u00e0 l\u2019\u00e9glise, il nous demande de prier pour qu\u2019elle adore le Seigneur en esprit et en v\u00e9rit\u00e9 et qu\u2019elle puisse transformer ses membres en disciples de J\u00e9sus-Christ pour qu\u2019il se passionne pour le salut des \u00e2mes perdues.<\/p>\n","protected":false},"author":24,"featured_media":23191,"template":"","meta":{"inline_featured_image":false,"ngg_post_thumbnail":0,"_EventAllDay":false,"_EventTimezone":"","_EventStartDate":"","_EventEndDate":"","_EventStartDateUTC":"","_EventEndDateUTC":"","_EventShowMap":false,"_EventShowMapLink":false,"_EventURL":"","_EventCost":"","_EventCostDescription":"","_EventCurrencySymbol":"","_EventCurrencyCode":"","_EventCurrencyPosition":"","_EventDateTimeSeparator":"","_EventTimeRangeSeparator":"","_EventOrganizerID":[],"_EventVenueID":[],"_OrganizerEmail":"","_OrganizerPhone":"","_OrganizerWebsite":"","_VenueAddress":"","_VenueCity":"","_VenueCountry":"","_VenueProvince":"","_VenueState":"","_VenueZip":"","_VenuePhone":"","_VenueURL":"","_VenueStateProvince":"","_VenueLat":"","_VenueLng":"","_VenueShowMap":false,"_VenueShowMapLink":false},"categories":[284,33],"tags":[277,195,204],"class_list":["post-23130","awf-news","type-awf-news","status-publish","has-post-thumbnail","hentry","category-afrique","category-news-fr","tag-afrique","tag-biography-fr","tag-leadership-fr"],"_links":{"self":[{"href":"https:\/\/awf.world\/fr\/wp-json\/wp\/v2\/awf-news\/23130","targetHints":{"allow":["GET"]}}],"collection":[{"href":"https:\/\/awf.world\/fr\/wp-json\/wp\/v2\/awf-news"}],"about":[{"href":"https:\/\/awf.world\/fr\/wp-json\/wp\/v2\/types\/awf-news"}],"author":[{"embeddable":true,"href":"https:\/\/awf.world\/fr\/wp-json\/wp\/v2\/users\/24"}],"wp:featuredmedia":[{"embeddable":true,"href":"https:\/\/awf.world\/fr\/wp-json\/wp\/v2\/media\/23191"}],"wp:attachment":[{"href":"https:\/\/awf.world\/fr\/wp-json\/wp\/v2\/media?parent=23130"}],"wp:term":[{"taxonomy":"category","embeddable":true,"href":"https:\/\/awf.world\/fr\/wp-json\/wp\/v2\/categories?post=23130"},{"taxonomy":"post_tag","embeddable":true,"href":"https:\/\/awf.world\/fr\/wp-json\/wp\/v2\/tags?post=23130"}],"curies":[{"name":"wp","href":"https:\/\/api.w.org\/{rel}","templated":true}]}}