{"id":20720,"date":"2019-02-19T15:27:12","date_gmt":"2019-02-19T18:27:12","guid":{"rendered":"http:\/\/awf.world\/awf-news\/les-eglises-de-lalliance-dans-la-region-apac-organiseront-lassemblees-generales\/"},"modified":"2019-03-19T14:55:32","modified_gmt":"2019-03-19T17:55:32","slug":"les-eglises-de-lalliance-dans-la-region-apac-organiseront-lassemblees-generales","status":"publish","type":"awf-news","link":"https:\/\/awf.world\/fr\/awf-news\/les-eglises-de-lalliance-dans-la-region-apac-organiseront-lassemblees-generales\/","title":{"rendered":"Les \u00c9glises de l&rsquo;Alliance dans la R\u00e9gion APAC organiseront l\u2019Assembl\u00e9es G\u00e9n\u00e9rales"},"content":{"rendered":"<p>&nbsp;<\/p>\n<h4 style=\"text-align: justify;\">Le Synode indien du Gujarat et les \u00c9glises de l\u2019Alliance Nationale du Myanmar tiendront des Assembl\u00e9es G\u00e9n\u00e9rales en f\u00e9vrier et mars.<\/h4>\n<p>Le 20 f\u00e9vrier 2019, le Synode de Gujarat de l&rsquo;Alliance Indienne se r\u00e9unira pour sa r\u00e9union synodale annuelle. Le clou de cet \u00e9v\u00e9nement est l&rsquo;\u00e9lection du nouveau comit\u00e9 synodal du Gujarat. Priez pour que la pr\u00e9sence int\u00e9rieure de Dieu remplisse le c\u0153ur de chaque participant en le guidant dans le choix des hommes de Dieu comme responsables. Priez pour qu&rsquo;une atmosph\u00e8re d&rsquo;humilit\u00e9 et d&rsquo;unit\u00e9 remplisse cet \u00e9v\u00e9nement.<\/p>\n<p>Las C &amp; MA du Myanmar et de Tha\u00eflande tiendront leur Assembl\u00e9e Annuelle les 1 et 3 et 26 et 28 mars respectivement. Priez pour un rassemblement annuel rempli de l&rsquo;Esprit de la C &amp; MA de Myanmar et la C &amp; MA de Tha\u00eflande. Priez \u00e9galement pour que tous les participants ouvrent leurs c\u0153urs \u00e0 la parole de Dieu et soient une b\u00e9n\u00e9diction les uns pour les autres, dans leur fraternit\u00e9 et pour c\u00e9l\u00e9brer ensemble la bont\u00e9 de Dieu dans leur vie.<\/p>\n<p>&nbsp;<\/p>\n<p>Auteur : Roland Lumawag<\/p>\n<p>Edit\u00e9 par : Dick Lawyer<\/p>\n<p>Traduction fran\u00e7aise : Elizabeth Brandao<\/p>\n","protected":false},"author":24,"featured_media":20703,"template":"","meta":{"inline_featured_image":false,"ngg_post_thumbnail":0,"_EventAllDay":false,"_EventTimezone":"","_EventStartDate":"","_EventEndDate":"","_EventStartDateUTC":"","_EventEndDateUTC":"","_EventShowMap":false,"_EventShowMapLink":false,"_EventURL":"","_EventCost":"","_EventCostDescription":"","_EventCurrencySymbol":"","_EventCurrencyCode":"","_EventCurrencyPosition":"","_EventDateTimeSeparator":"","_EventTimeRangeSeparator":"","_EventOrganizerID":[],"_EventVenueID":[],"_OrganizerEmail":"","_OrganizerPhone":"","_OrganizerWebsite":"","_VenueAddress":"","_VenueCity":"","_VenueCountry":"","_VenueProvince":"","_VenueState":"","_VenueZip":"","_VenuePhone":"","_VenueURL":"","_VenueStateProvince":"","_VenueLat":"","_VenueLng":"","_VenueShowMap":false,"_VenueShowMapLink":false},"categories":[150,33],"tags":[196,260,268,262],"class_list":["post-20720","awf-news","type-awf-news","status-publish","has-post-thumbnail","hentry","category-asia-pacific","category-news-fr","tag-apac-fr","tag-inde","tag-myanmar-fr","tag-thailande"],"_links":{"self":[{"href":"https:\/\/awf.world\/fr\/wp-json\/wp\/v2\/awf-news\/20720","targetHints":{"allow":["GET"]}}],"collection":[{"href":"https:\/\/awf.world\/fr\/wp-json\/wp\/v2\/awf-news"}],"about":[{"href":"https:\/\/awf.world\/fr\/wp-json\/wp\/v2\/types\/awf-news"}],"author":[{"embeddable":true,"href":"https:\/\/awf.world\/fr\/wp-json\/wp\/v2\/users\/24"}],"wp:featuredmedia":[{"embeddable":true,"href":"https:\/\/awf.world\/fr\/wp-json\/wp\/v2\/media\/20703"}],"wp:attachment":[{"href":"https:\/\/awf.world\/fr\/wp-json\/wp\/v2\/media?parent=20720"}],"wp:term":[{"taxonomy":"category","embeddable":true,"href":"https:\/\/awf.world\/fr\/wp-json\/wp\/v2\/categories?post=20720"},{"taxonomy":"post_tag","embeddable":true,"href":"https:\/\/awf.world\/fr\/wp-json\/wp\/v2\/tags?post=20720"}],"curies":[{"name":"wp","href":"https:\/\/api.w.org\/{rel}","templated":true}]}}