{"id":20550,"date":"2019-01-29T15:00:02","date_gmt":"2019-01-29T17:00:02","guid":{"rendered":"http:\/\/awf.world\/awf-news\/conference-regionale-de-lawf-emerald-en-allemagne\/"},"modified":"2019-03-26T14:58:33","modified_gmt":"2019-03-26T17:58:33","slug":"conference-regionale-de-lawf-emerald-en-allemagne","status":"publish","type":"awf-news","link":"https:\/\/awf.world\/fr\/awf-news\/conference-regionale-de-lawf-emerald-en-allemagne\/","title":{"rendered":"Conf\u00e9rence R\u00e9gionale de l\u2019AWF EMERALD en Allemagne"},"content":{"rendered":"<h4 style=\"text-align: justify;\">L&rsquo;animation est dans l&rsquo;air pendant que la R\u00e9gion AWF EMERALD (Europe et Moyen-Orient) se pr\u00e9pare pour sa Conf\u00e9rence Annuelle de 2019 \u00e0 Francfort, en Allemagne. Le th\u00e8me est \u00ab Vivre les Quatre Piliers de l\u2019\u00c9vangile \u00bb. Nos fr\u00e8res et s\u0153urs partageront leurs exp\u00e9riences, apprendront les uns des autres et s\u2019encourageront. Prions pour que cet \u00e9v\u00e9nement soit une \u00e9norme b\u00e9n\u00e9diction pour les participants et qu&rsquo;il atteigne de nombreuses vies.<\/h4>\n<p>L&rsquo;animation est dans l&rsquo;air pendant que la R\u00e9gion AWF EMERALD (Europe et Moyen-Orient) se pr\u00e9pare pour sa Conf\u00e9rence Annuelle de 2019 qui se tiendra \u00e0 Francfort, en Allemagne. Le th\u00e8me est \u00ab Vivre les Quatre Piliers de l\u2019\u00c9vangile \u00bb. L&rsquo;\u00e9glise responsable des pr\u00e9paratifs est l&rsquo;\u00e9glise nationale de l&rsquo;Alliance en Allemagne (MAKD). Vernon Rehmann, le pr\u00e9sident et Erwin H\u00fcgelsch\u00e4fer, le vice-pr\u00e9sident, jouent un r\u00f4le important dans les pr\u00e9paratifs, notamment en r\u00e9alisant des vid\u00e9os d&rsquo;invitation.<\/p>\n<p>L&rsquo;\u00e9v\u00e9nement, qui dure du 1er au 4 mai, sera organis\u00e9 en deux parties. Dans la matin\u00e9e, il y aura un Symposium de Th\u00e9ologie de l&rsquo;Alliance o\u00f9 le Dr Bernie Van de Walle, pr\u00e9sident de la Commission Internationale sur l&rsquo;\u00c9ducation Th\u00e9ologique (ICTE), le Dr Marco Wittenberg (ICTE) et le Dr Jack Sara (ICTE) vont parler. L\u2019objectif est \u00ab d\u2019approfondir notre compr\u00e9hension de la pens\u00e9e de l\u2019Alliance et de ses implications pour notre vie et notre minist\u00e8re \u00bb.<\/p>\n<p>La deuxi\u00e8me partie a lieu le soir, au cours de laquelle Steve Fowler, de l&rsquo;Alliance Salem, et Rob Bashioum, du Institut de Formation Reach, parleront de \u00ab Vivre dans les Quatre Piliers de l&rsquo;\u00c9vangile pour remplir notre mandat d&rsquo;\u00e9glise missionnaire, faire des disciples parmi toutes les nations. \u00bb<\/p>\n<p>Avant la conf\u00e9rence proprement dite, il y aura une r\u00e9union pour le R\u00e9seau Mondial des Chefs de Mission de l\u2019AWF les 28 et 29 avril et trois (3) Ateliers Pr\u00e9alables \u00e0 la Conf\u00e9rence, du 29 avril au 1er mai : l&rsquo;Atelier du Minist\u00e8re Latin, dirig\u00e9 par Jos\u00e9 Chinchila (Berlin) et le pasteur Luise (Francfort), l&rsquo;Atelier du Minist\u00e8re Chinois, dirig\u00e9 par le pasteur Alex &amp; Christian Lukas (Berlin) et le pasteur Samuel (Dortmund), et l&rsquo;Atelier du Minist\u00e8re Arabe. La traduction en anglais sera disponible dans tous les ateliers.<\/p>\n<p>L&rsquo;Atelier du Minist\u00e8re Arabe apporte une surprise. Yassir Eric sera le principal orateur de cet \u00e9v\u00e9nement qui est un expert hors pair sur l&rsquo;islam non seulement sur le plan acad\u00e9mique, mais \u00e9galement en raison de ses origines personnelles en mati\u00e8re de migration. Il dirige l&rsquo;Institut Europ\u00e9en pour l&rsquo;Int\u00e9gration des Migrations et les Questions Islamiques (EIMI) chez AWM depuis 2013.<\/p>\n<p>Le but de ces Ateliers Pr\u00e9alables \u00e0 la Conf\u00e9rence est de \u00ab fournir une occasion aux employ\u00e9s du minist\u00e8re de se r\u00e9unir et de s\u2019encourager mutuellement \u00bb.<\/p>\n<p>Prions pour que nos fr\u00e8res et s\u0153urs participants passent un temps b\u00e9ni sous la direction et la lumi\u00e8re de Dieu. Merci \u00e9galement de prier tous les participants pour un bon voyage.<\/p>\n","protected":false},"author":24,"featured_media":20913,"template":"","meta":{"inline_featured_image":false,"ngg_post_thumbnail":0,"_EventAllDay":false,"_EventTimezone":"","_EventStartDate":"","_EventEndDate":"","_EventStartDateUTC":"","_EventEndDateUTC":"","_EventShowMap":false,"_EventShowMapLink":false,"_EventURL":"","_EventCost":"","_EventCostDescription":"","_EventCurrencySymbol":"","_EventCurrencyCode":"","_EventCurrencyPosition":"","_EventDateTimeSeparator":"","_EventTimeRangeSeparator":"","_EventOrganizerID":[],"_EventVenueID":[],"_OrganizerEmail":"","_OrganizerPhone":"","_OrganizerWebsite":"","_VenueAddress":"","_VenueCity":"","_VenueCountry":"","_VenueProvince":"","_VenueState":"","_VenueZip":"","_VenuePhone":"","_VenueURL":"","_VenueStateProvince":"","_VenueLat":"","_VenueLng":"","_VenueShowMap":false,"_VenueShowMapLink":false},"categories":[145,33],"tags":[238,345,200,330,344,204,206],"class_list":["post-20550","awf-news","type-awf-news","status-publish","has-post-thumbnail","hentry","category-europe-middle-east","category-news-fr","tag-allemagne","tag-commission-internationale-pour-leducation-theologique","tag-emerald-fr","tag-evangile-quadruple","tag-icte-fr","tag-leadership-fr","tag-missions-fr"],"_links":{"self":[{"href":"https:\/\/awf.world\/fr\/wp-json\/wp\/v2\/awf-news\/20550","targetHints":{"allow":["GET"]}}],"collection":[{"href":"https:\/\/awf.world\/fr\/wp-json\/wp\/v2\/awf-news"}],"about":[{"href":"https:\/\/awf.world\/fr\/wp-json\/wp\/v2\/types\/awf-news"}],"author":[{"embeddable":true,"href":"https:\/\/awf.world\/fr\/wp-json\/wp\/v2\/users\/24"}],"wp:featuredmedia":[{"embeddable":true,"href":"https:\/\/awf.world\/fr\/wp-json\/wp\/v2\/media\/20913"}],"wp:attachment":[{"href":"https:\/\/awf.world\/fr\/wp-json\/wp\/v2\/media?parent=20550"}],"wp:term":[{"taxonomy":"category","embeddable":true,"href":"https:\/\/awf.world\/fr\/wp-json\/wp\/v2\/categories?post=20550"},{"taxonomy":"post_tag","embeddable":true,"href":"https:\/\/awf.world\/fr\/wp-json\/wp\/v2\/tags?post=20550"}],"curies":[{"name":"wp","href":"https:\/\/api.w.org\/{rel}","templated":true}]}}