{"id":19554,"date":"2018-10-10T13:11:38","date_gmt":"2018-10-10T18:11:38","guid":{"rendered":"http:\/\/awf.world\/awf-news\/conference-regionale-de-lawf-cla-amerique-latine-en-argentine\/"},"modified":"2021-10-05T12:50:23","modified_gmt":"2021-10-05T17:50:23","slug":"conference-regionale-de-lawf-cla-amerique-latine-en-argentine","status":"publish","type":"awf-news","link":"https:\/\/awf.world\/fr\/awf-news\/conference-regionale-de-lawf-cla-amerique-latine-en-argentine\/","title":{"rendered":"Conf\u00e9rence R\u00e9gionale de l\u2019AWF CLA (Am\u00e9rique latine) en Argentine"},"content":{"rendered":"<p>&nbsp;<\/p>\n<h4 style=\"text-align: justify;\">Le Symposium de Th\u00e9ologie de l&rsquo;Alliance a d\u00e9but\u00e9 le mois dernier dans la r\u00e9gion AWF CLA (Am\u00e9rique latine) en Argentine.<\/h4>\n<p>Parmi les sujets abord\u00e9s au symposium, on citera \u00ab Le Christ est l&rsquo;\u00c9vangile&nbsp;Quadruple \u00bb, \u00ab Vivre plus Profond\u00e9ment dans la Vie \u00bb et \u00ab Alliance et Missions \u00bb. Les principaux orateurs \u00e9taient le Dr Bernie A. Van De Walle, pr\u00e9sident de l\u2019AWF-ICTE (International Commission on Theological Education \u2013 Commission Internationale sur l&rsquo;\u00c9ducation Th\u00e9ologique), et le Dr Ronald Walborn, membre de l\u2019AWF-ICTE. Les notes de cours, traduites en espagnol, ont \u00e9t\u00e9 distribu\u00e9es aux participants et sont disponibles sur demande (<a href=\"mailto:office@awf.world\">office@awf.world<\/a>).<\/p>\n<p>\u00c0 partir de maintenant, le Symposium de Th\u00e9ologie de l&rsquo;Alliance fera partie de toutes les conf\u00e9rences r\u00e9gionales de l&rsquo;AWF.<\/p>\n<p>&nbsp;<\/p>\n<p><img loading=\"lazy\" decoding=\"async\" class=\"alignright size-thumbnail wp-image-19544\" src=\"http:\/\/awf.world\/wp-content\/uploads\/2018\/10\/CLA1_2018-09-150x150.jpg\" alt=\"\" width=\"150\" height=\"150\" srcset=\"https:\/\/awf.world\/wp-content\/uploads\/2018\/10\/CLA1_2018-09-150x150.jpg 150w, https:\/\/awf.world\/wp-content\/uploads\/2018\/10\/CLA1_2018-09-103x103.jpg 103w, https:\/\/awf.world\/wp-content\/uploads\/2018\/10\/CLA1_2018-09-100x100.jpg 100w\" sizes=\"auto, (max-width: 150px) 100vw, 150px\" \/><\/p>\n<p>Sous le th\u00e8me \u00ab\u00a0Alliance de Th\u00e9ologie et de Pens\u00e9e\u00a0\u00bb, s&rsquo;est tenue \u00e0 Mar del Plata, en Argentine, la Conf\u00e9rence R\u00e9gionale de la CLA (r\u00e9gion Am\u00e9rique latine), du 24 au 28 septembre, r\u00e9unissant 164 participants de 13 pays d&rsquo;Am\u00e9rique latine.<\/p>\n<p>&nbsp;<\/p>\n<p>&nbsp;<\/p>\n<figure id=\"attachment_19547\" aria-describedby=\"caption-attachment-19547\" style=\"width: 201px\" class=\"wp-caption alignleft\"><img loading=\"lazy\" decoding=\"async\" class=\"wp-image-19547\" src=\"http:\/\/awf.world\/wp-content\/uploads\/2018\/10\/CLA4_2018-09.jpg\" alt=\"\" width=\"201\" height=\"151\" srcset=\"https:\/\/awf.world\/wp-content\/uploads\/2018\/10\/CLA4_2018-09.jpg 960w, https:\/\/awf.world\/wp-content\/uploads\/2018\/10\/CLA4_2018-09-300x225.jpg 300w, https:\/\/awf.world\/wp-content\/uploads\/2018\/10\/CLA4_2018-09-768x576.jpg 768w, https:\/\/awf.world\/wp-content\/uploads\/2018\/10\/CLA4_2018-09-1024x768.jpg 1024w, https:\/\/awf.world\/wp-content\/uploads\/2018\/10\/CLA4_2018-09-513x385.jpg 513w, https:\/\/awf.world\/wp-content\/uploads\/2018\/10\/CLA4_2018-09-272x204.jpg 272w\" sizes=\"auto, (max-width: 201px) 100vw, 201px\" \/><figcaption id=\"caption-attachment-19547\" class=\"wp-caption-text\">Dr Ron Walborn (\u00e0 droite) et Dr Miguel Palomino (\u00e0 gauche) signent l&rsquo;accord de partenariat entre ATS et FATELA<\/figcaption><\/figure>\n<p>Un moment historique a \u00e9t\u00e9 la signature de l&rsquo;accord de partenariat entre l&rsquo;ATS (Alliance Theological Seminary \u2013 Alliance S\u00e9minaire Th\u00e9ologique), repr\u00e9sent\u00e9 par son doyen, Ron Walborn, et la FATELA (Facultad Teologica Latinoamericana Alianza \u2013 Alliance de Professeurs de Th\u00e9ologie Latino-am\u00e9ricaine), repr\u00e9sent\u00e9e par son recteur, Dr Miguel Palomino. Le nouveau partenariat fournira un programme accr\u00e9dit\u00e9 de Docteur en Minist\u00e8re Espagnol (Spanish Doctor of Ministry \u2013 DMin) en Am\u00e9rique latine \u00e0 l&rsquo;intention des responsables de l&rsquo;Alliance chr\u00e9tienne et missionnaire et d&rsquo;autres d\u00e9nominations partageant les m\u00eames id\u00e9es.<\/p>\n<p>Il y avait aussi des t\u00e9moignages des champs de mission en Afrique et en Asie, des conf\u00e9rences sur l\u2019Implantation d&rsquo;\u00c9glises, des comptes rendus de S\u00e9minaires Bibliques de l&rsquo;Alliance en Am\u00e9rique latine, ainsi que des ateliers sur la Spiritualit\u00e9 Infantile et les G\u00e9n\u00e9rations \u00c9mergentes.<\/p>\n<p>La prochaine Conf\u00e9rence R\u00e9gionale de l\u2019AWF CLA se tiendra au Guatemala du 23 au 27 septembre 2019.<\/p>\n","protected":false},"author":24,"featured_media":19542,"template":"","meta":{"inline_featured_image":false,"ngg_post_thumbnail":0,"_EventAllDay":false,"_EventTimezone":"","_EventStartDate":"","_EventEndDate":"","_EventStartDateUTC":"","_EventEndDateUTC":"","_EventShowMap":false,"_EventShowMapLink":false,"_EventURL":"","_EventCost":"","_EventCostDescription":"","_EventCurrencySymbol":"","_EventCurrencyCode":"","_EventCurrencyPosition":"","_EventDateTimeSeparator":"","_EventTimeRangeSeparator":"","_EventOrganizerID":[],"_EventVenueID":[],"_OrganizerEmail":"","_OrganizerPhone":"","_OrganizerWebsite":"","_VenueAddress":"","_VenueCity":"","_VenueCountry":"","_VenueProvince":"","_VenueState":"","_VenueZip":"","_VenuePhone":"","_VenueURL":"","_VenueStateProvince":"","_VenueLat":"","_VenueLng":"","_VenueShowMap":false,"_VenueShowMapLink":false},"categories":[152,853,33],"tags":[208,228],"class_list":["post-19554","awf-news","type-awf-news","status-publish","has-post-thumbnail","hentry","category-latin-america-fr","category-education-theologique","category-news-fr","tag-amerique-latine","tag-cla-fr"],"_links":{"self":[{"href":"https:\/\/awf.world\/fr\/wp-json\/wp\/v2\/awf-news\/19554","targetHints":{"allow":["GET"]}}],"collection":[{"href":"https:\/\/awf.world\/fr\/wp-json\/wp\/v2\/awf-news"}],"about":[{"href":"https:\/\/awf.world\/fr\/wp-json\/wp\/v2\/types\/awf-news"}],"author":[{"embeddable":true,"href":"https:\/\/awf.world\/fr\/wp-json\/wp\/v2\/users\/24"}],"wp:featuredmedia":[{"embeddable":true,"href":"https:\/\/awf.world\/fr\/wp-json\/wp\/v2\/media\/19542"}],"wp:attachment":[{"href":"https:\/\/awf.world\/fr\/wp-json\/wp\/v2\/media?parent=19554"}],"wp:term":[{"taxonomy":"category","embeddable":true,"href":"https:\/\/awf.world\/fr\/wp-json\/wp\/v2\/categories?post=19554"},{"taxonomy":"post_tag","embeddable":true,"href":"https:\/\/awf.world\/fr\/wp-json\/wp\/v2\/tags?post=19554"}],"curies":[{"name":"wp","href":"https:\/\/api.w.org\/{rel}","templated":true}]}}