{"id":19552,"date":"2018-10-10T13:36:10","date_gmt":"2018-10-10T18:36:10","guid":{"rendered":"http:\/\/awf.world\/awf-news\/nouvelle-campagne-de-sensibilisation-de-lawf-nous-sommes-alliance\/"},"modified":"2020-12-17T15:23:18","modified_gmt":"2020-12-17T20:23:18","slug":"nouvelle-campagne-de-sensibilisation-de-lawf-nous-sommes-alliance","status":"publish","type":"awf-news","link":"https:\/\/awf.world\/fr\/awf-news\/nouvelle-campagne-de-sensibilisation-de-lawf-nous-sommes-alliance\/","title":{"rendered":"Nouvelle Campagne de Sensibilisation de l\u2019AWF : Nous Sommes Alliance"},"content":{"rendered":"<h3 style=\"text-align: justify;\">Dans le cadre de notre strat\u00e9gie de communication, nous lan\u00e7ons une nouvelle campagne de sensibilisation.<\/h3>\n<p>Les principaux objectifs sont :<\/p>\n<ul>\n<li>Atteindre la communaut\u00e9 chr\u00e9tienne commune, en particulier les membres des \u00e9glises de l\u2019Alliance ;<\/li>\n<li>Attirer de nouveaux publics, en particulier les jeunes des \u00e9glises locales de l\u2019Alliance ;<\/li>\n<li>Informer, interagir avec les membres des \u00e9glises de l\u2019Alliance locale et les faire participer.<\/li>\n<\/ul>\n<p>Avec le slogan <em>Nous Sommes Alliance<\/em>, nous voulons cr\u00e9er une identification plus grande des membres des \u00e9glises locales de l&rsquo;Alliance avec l&rsquo;AWF, renfor\u00e7ant ainsi l&rsquo;id\u00e9e que nous sommes une famille mondiale qui connecte les gens.<\/p>\n<p>Pour cela, nous aimerions compter sur votre participation en filmant une courte vid\u00e9o qui sera publi\u00e9e sur le site Web et les m\u00e9dias sociaux de l\u2019AWF. Cette vid\u00e9o sera la premi\u00e8re parmi de nombreuses autres personnalit\u00e9s qui repr\u00e9senteront les dirigeants et les membres des \u00e9glises locales.<\/p>\n<p>Veuillez trouver ci-dessous quelques instructions pour filmer la vid\u00e9o :<\/p>\n<ul>\n<li>Vous pouvez filmer avec un t\u00e9l\u00e9phone portable de haute qualit\u00e9 ou une cam\u00e9ra vid\u00e9o ;<\/li>\n<li>Vous pouvez filmer dans votre langue de pr\u00e9f\u00e9rence (si ce n\u2019est pas l\u2019anglais, l\u2019espagnol ou le fran\u00e7ais, veuillez fournir une traduction en anglais de ce que vous avez dit) ;<\/li>\n<li>La vid\u00e9o doit \u00eatre en position horizontale ;<\/li>\n<li>La dur\u00e9e de la vid\u00e9o ne doit pas d\u00e9passer 60 secondes ;<\/li>\n<li>Elle peut \u00eatre en mode selfie ou une autre personne tenant le t\u00e9l\u00e9phone portable \/ appareil photo ;<\/li>\n<li>Le tournage doit \u00eatre effectu\u00e9 pendant la journ\u00e9e et de pr\u00e9f\u00e9rence dans ou devant une \u00e9glise de l\u2019Alliance ou un rep\u00e8re historique de votre ville \/ pays ;<\/li>\n<li>Terminez la vid\u00e9o en disant la phrase \u00ab Nous sommes Alliance \u00bb.<\/li>\n<\/ul>\n<p>Le contenu de la vid\u00e9o doit inclure, mais n&rsquo;est pas n\u00e9cessairement limit\u00e9 aux informations suivantes :<\/p>\n<ul>\n<li>Parlez-nous un peu de votre pays ;<\/li>\n<li>Partagez l&rsquo;impact de l&rsquo;Alliance sur votre pays.<\/li>\n<\/ul>\n<p>Veuillez envoyer la vid\u00e9o \u00e0 <a href=\"mailto:office@awf.world\">office@awf.world<\/a>.<\/p>\n<p>Vous pouvez regarder toutes les vid\u00e9os sur notre <a href=\"https:\/\/youtube.com\/playlist?list=PLFalPEZcHhkuFa_W8_kA3t0gI77OM-lUr\" target=\"_blank\" rel=\"noopener\">cha\u00eene YouTube.<\/a>.<\/p>\n","protected":false},"author":24,"featured_media":19468,"template":"","meta":{"inline_featured_image":false,"ngg_post_thumbnail":0,"_EventAllDay":false,"_EventTimezone":"","_EventStartDate":"","_EventEndDate":"","_EventStartDateUTC":"","_EventEndDateUTC":"","_EventShowMap":false,"_EventShowMapLink":false,"_EventURL":"","_EventCost":"","_EventCostDescription":"","_EventCurrencySymbol":"","_EventCurrencyCode":"","_EventCurrencyPosition":"","_EventDateTimeSeparator":"","_EventTimeRangeSeparator":"","_EventOrganizerID":[],"_EventVenueID":[],"_OrganizerEmail":"","_OrganizerPhone":"","_OrganizerWebsite":"","_VenueAddress":"","_VenueCity":"","_VenueCountry":"","_VenueProvince":"","_VenueState":"","_VenueZip":"","_VenuePhone":"","_VenueURL":"","_VenueStateProvince":"","_VenueLat":"","_VenueLng":"","_VenueShowMap":false,"_VenueShowMapLink":false},"categories":[284,334,152,150,33,27],"tags":[277,328,208,196,691,411,410,663,228,252,381,763,413,764,602,403],"class_list":["post-19552","awf-news","type-awf-news","status-publish","has-post-thumbnail","hentry","category-afrique","category-amerique-du-nord","category-latin-america-fr","category-asia-pacific","category-news-fr","category-video-fr","tag-afrique","tag-amerique-du-nord","tag-amerique-latine","tag-apac-fr","tag-bresil-fr","tag-burkina-faso-fr","tag-canada-fr","tag-chili-fr","tag-cla-fr","tag-cuba-fr","tag-ecuador-fr","tag-etats-unis-damerique","tag-gabon-fr","tag-nouvelle-zelande-fr","tag-perou-fr","tag-republique-du-congo-fr"],"_links":{"self":[{"href":"https:\/\/awf.world\/fr\/wp-json\/wp\/v2\/awf-news\/19552","targetHints":{"allow":["GET"]}}],"collection":[{"href":"https:\/\/awf.world\/fr\/wp-json\/wp\/v2\/awf-news"}],"about":[{"href":"https:\/\/awf.world\/fr\/wp-json\/wp\/v2\/types\/awf-news"}],"author":[{"embeddable":true,"href":"https:\/\/awf.world\/fr\/wp-json\/wp\/v2\/users\/24"}],"wp:featuredmedia":[{"embeddable":true,"href":"https:\/\/awf.world\/fr\/wp-json\/wp\/v2\/media\/19468"}],"wp:attachment":[{"href":"https:\/\/awf.world\/fr\/wp-json\/wp\/v2\/media?parent=19552"}],"wp:term":[{"taxonomy":"category","embeddable":true,"href":"https:\/\/awf.world\/fr\/wp-json\/wp\/v2\/categories?post=19552"},{"taxonomy":"post_tag","embeddable":true,"href":"https:\/\/awf.world\/fr\/wp-json\/wp\/v2\/tags?post=19552"}],"curies":[{"name":"wp","href":"https:\/\/api.w.org\/{rel}","templated":true}]}}