{"id":19428,"date":"2018-09-26T18:30:30","date_gmt":"2018-09-26T23:30:30","guid":{"rendered":"http:\/\/awf.world\/awf-news\/la-premiere-conference-de-lupheac-en-guinee\/"},"modified":"2018-09-26T18:30:30","modified_gmt":"2018-09-26T23:30:30","slug":"la-premiere-conference-de-lupheac-en-guinee","status":"publish","type":"awf-news","link":"https:\/\/awf.world\/fr\/awf-news\/la-premiere-conference-de-lupheac-en-guinee\/","title":{"rendered":"La Premi\u00e8re Conf\u00e9rence de l\u2019UPHEAC en Guin\u00e9e"},"content":{"rendered":"<p>&nbsp;<\/p>\n<h4 style=\"text-align: justify;\">Pour la premi\u00e8re fois dans l&rsquo;histoire des hommes de l&rsquo;Alliance de l&rsquo;Afrique, une r\u00e9union a eu lieu pour discuter du r\u00f4le des hommes dans la famille, l&rsquo;\u00e9glise et la soci\u00e9t\u00e9. C&rsquo;\u00e9tait certainement une p\u00e9riode de croissance et de b\u00e9n\u00e9diction.<\/h4>\n<p>Pour la premi\u00e8re fois dans l\u2019histoire des hommes de l\u2019Alliance de l\u2019Afrique, l\u2019Union Panafricaine des Hommes d\u2019\u00c9glises de l\u2019Alliance Chr\u00e9tienne (UPHEAC) a tenu une conf\u00e9rence au cours de laquelle ont \u00e9t\u00e9 discut\u00e9s diff\u00e9rents th\u00e8mes li\u00e9s \u00e0 la vie en Christ et visait \u00e0 d\u2019amener les hommes \u00e0 s\u2019impr\u00e9gner davantage de leurs r\u00f4les pour t\u00e9moigner la foi de l\u2019\u00e9glise missionnaire \u00e0 la famille, \u00e0 l\u2019\u00e9glise et dans la soci\u00e9t\u00e9.<\/p>\n<p>Ils ont discut\u00e9 le r\u00f4le de l&rsquo;homme dans l&rsquo;Alliance Chr\u00e9tienne et dans les projets, missionnaires et de d\u00e9veloppement, \u00e0 commencer par les foyers. En autre, plusieurs sujets et sous-th\u00e8mes ont \u00e9t\u00e9 discut\u00e9s, tels que : les obstacles actuels de l\u2019\u00e9glise dans les pays repr\u00e9sent\u00e9s et les pays voisins ; la croissance spirituelle des \u00e9glises et des hommes ; questions de mariage et de famille, parmi de nombreuses autres questions relatives \u00e0 la vie en tant qu&rsquo;\u00e9glise et en tant qu&rsquo;individu.<\/p>\n<p>L&rsquo;\u00e9v\u00e9nement eu lieu \u00e0 Conakry, en Guin\u00e9e et a dur\u00e9 du 23 au 27 ao\u00fbt 2018. Il a r\u00e9uni 163 hommes de Guin\u00e9e, Burkina Faso, Mali et C\u00f4te d&rsquo;Ivoire et a eu trois orateurs : le Pasteur Pierre Ifono, le Pasteur Celestin Koffi, Vice-Pr\u00e9sident et Coordinateur R\u00e9gional de l&rsquo;AWF Afrique et le Pasteur Victorien Koffi, Secr\u00e9taire G\u00e9n\u00e9ral de l&rsquo;UPHEAC.<\/p>\n<p>En remerciant et louant continuellement Dieu, cette conf\u00e9rence fut certainement une p\u00e9riode de croissance individuelle et collective et de nombreuses b\u00e9n\u00e9dictions.<\/p>\n","protected":false},"author":24,"featured_media":19426,"template":"","meta":{"inline_featured_image":false,"ngg_post_thumbnail":0,"_EventAllDay":false,"_EventTimezone":"","_EventStartDate":"","_EventEndDate":"","_EventStartDateUTC":"","_EventEndDateUTC":"","_EventShowMap":false,"_EventShowMapLink":false,"_EventURL":"","_EventCost":"","_EventCostDescription":"","_EventCurrencySymbol":"","_EventCurrencyCode":"","_EventCurrencyPosition":"","_EventDateTimeSeparator":"","_EventTimeRangeSeparator":"","_EventOrganizerID":[],"_EventVenueID":[],"_OrganizerEmail":"","_OrganizerPhone":"","_OrganizerWebsite":"","_VenueAddress":"","_VenueCity":"","_VenueCountry":"","_VenueProvince":"","_VenueState":"","_VenueZip":"","_VenuePhone":"","_VenueURL":"","_VenueStateProvince":"","_VenueLat":"","_VenueLng":"","_VenueShowMap":false,"_VenueShowMapLink":false},"categories":[284,33],"tags":[277],"class_list":["post-19428","awf-news","type-awf-news","status-publish","has-post-thumbnail","hentry","category-afrique","category-news-fr","tag-afrique"],"_links":{"self":[{"href":"https:\/\/awf.world\/fr\/wp-json\/wp\/v2\/awf-news\/19428","targetHints":{"allow":["GET"]}}],"collection":[{"href":"https:\/\/awf.world\/fr\/wp-json\/wp\/v2\/awf-news"}],"about":[{"href":"https:\/\/awf.world\/fr\/wp-json\/wp\/v2\/types\/awf-news"}],"author":[{"embeddable":true,"href":"https:\/\/awf.world\/fr\/wp-json\/wp\/v2\/users\/24"}],"wp:featuredmedia":[{"embeddable":true,"href":"https:\/\/awf.world\/fr\/wp-json\/wp\/v2\/media\/19426"}],"wp:attachment":[{"href":"https:\/\/awf.world\/fr\/wp-json\/wp\/v2\/media?parent=19428"}],"wp:term":[{"taxonomy":"category","embeddable":true,"href":"https:\/\/awf.world\/fr\/wp-json\/wp\/v2\/categories?post=19428"},{"taxonomy":"post_tag","embeddable":true,"href":"https:\/\/awf.world\/fr\/wp-json\/wp\/v2\/tags?post=19428"}],"curies":[{"name":"wp","href":"https:\/\/api.w.org\/{rel}","templated":true}]}}