{"id":19279,"date":"2018-07-24T12:35:47","date_gmt":"2018-07-24T17:35:47","guid":{"rendered":"http:\/\/awf.world\/awf-news\/rencontrez-natanael-gil-lamas-le-nouveau-president-de-leglise-c-ma-du-venezuela\/"},"modified":"2018-08-14T13:34:28","modified_gmt":"2018-08-14T18:34:28","slug":"rencontrez-natanael-gil-lamas-le-nouveau-president-de-leglise-c-ma-du-venezuela","status":"publish","type":"awf-news","link":"https:\/\/awf.world\/fr\/awf-news\/rencontrez-natanael-gil-lamas-le-nouveau-president-de-leglise-c-ma-du-venezuela\/","title":{"rendered":"Rencontrez Natanael Gil Lamas, le nouveau Pr\u00e9sident de l&rsquo;\u00c9glise C &#038; MA du Venezuela"},"content":{"rendered":"<h6 style=\"text-align: center;\">Le r\u00e9v\u00e9rende Natanael Gil Lamas et sa femme Evelyn<\/h6>\n<h4 style=\"text-align: justify;\">En tant que nouveau Pr\u00e9sident de l&rsquo;\u00c9glise nationale C &amp; MA au Venezuela, le R\u00e9v\u00e9rend Natanael Gil Lamas esp\u00e8re que Dieu l&rsquo;utilisera pour apporter l&rsquo;unit\u00e9, l&rsquo;harmonie et le soutien aux \u00e9glises et aux minist\u00e8res de C &amp; MA dans son pays.<\/h4>\n<p>N\u00e9 en janvier 1950, le pasteur Natanael Gil Lamas a \u00e9t\u00e9 \u00e9lev\u00e9 dans une famille chr\u00e9tienne. Ses grands-parents et ses parents \u00e9taient des croyants fermes et tr\u00e8s actifs dans le minist\u00e8re du Seigneur. Il est mari\u00e9 \u00e0 Evelyn Ampueda de Gil depuis 43 ans, avec qui il a eu trois enfants : Natanael Jr., 40 ans, Rosalyn, 37 ans, et Nathalie, 34 ans.<\/p>\n<p>Le r\u00e9v\u00e9rend Natanael a accept\u00e9 J\u00e9sus comme son Seigneur et Sauveur \u00e0 l&rsquo;\u00e2ge de neuf ans et a \u00e9t\u00e9 baptis\u00e9 quand il avait 15 ans. D\u00e8s lors, il \u00e9tait constamment impliqu\u00e9 dans la vie de l&rsquo;\u00e9glise. Il est dipl\u00f4m\u00e9 de l&rsquo;Institut Biblique de l&rsquo;Alliance du Venezuela (Instituto B\u00edblico Alianza de Venezuela &#8211; IBAVEN). Il a travaill\u00e9 comme enseignant, conseiller conjugal, coordonnateur des r\u00e9unions matrimoniales et pasteur. Le 26 mai 2018 il a \u00e9t\u00e9 \u00e9lu pr\u00e9sident de l&rsquo;\u00c9glise C &amp; MA du Venezuela.<\/p>\n<p>Dans les quatre prochaines ann\u00e9es en tant que pr\u00e9sident, il esp\u00e8re aider une de leurs \u00e9glises qui a \u00e9t\u00e9 confront\u00e9e \u00e0 de nombreux probl\u00e8mes en raison de divisions internes. De plus, il souhaite vraiment unir les 12 \u00e9glises C &amp; MA du pays. Le r\u00e9v\u00e9rend Natanael a \u00e9galement des plans pour trouver diff\u00e9rents moyens de soutenir et de pr\u00eater assistance \u00e0 leurs pasteurs, particuli\u00e8rement en cette p\u00e9riode de crise \u00e0 laquelle le Venezuela est confront\u00e9.<\/p>\n<p>Le Venezuela traverse un moment tr\u00e8s difficile en termes de politique, d&rsquo;\u00e9conomie et d&rsquo;\u00e9vangile. Le r\u00e9v\u00e9rend d\u00e9crit le pays comme idol\u00e2tre et le satanisme et le spiritisme s&rsquo;y d\u00e9veloppent. Ils font \u00e9galement face \u00e0 un manque critique de nourriture et de provisions m\u00e9dicales telles que les m\u00e9dicaments.<\/p>\n<p>S&rsquo;il vous pla\u00eet, priez pour la situation du pays. Priez \u00e9galement pour les \u00e9glises, en particulier leur \u00e9glise \u00e0 Maracay. Demandez \u00e0 Dieu de leur donner la sagesse de surmonter les diff\u00e9rences et de grandir dans l&rsquo;unit\u00e9. Priez aussi pour le d\u00e9veloppement de l&rsquo;\u00c9vangile au Venezuela.<\/p>\n<p>Priez aussi pour le r\u00e9v\u00e9rend Natanael et sa famille. Sa plus jeune fille, Nathalie, est \u00e0 S\u00e9ville, en Espagne et il nous demande de prier pour sa protection et pour qu&rsquo;elle trouve une bonne \u00e9glise pour se rassembler. Son fils a\u00een\u00e9 Natanael Jr et sa famille sont au P\u00e9rou il y en a cinq mois et il nous demande de prier pour leur bien-\u00eatre.<\/p>\n","protected":false},"author":24,"featured_media":19276,"template":"","meta":{"inline_featured_image":false,"ngg_post_thumbnail":0,"_EventAllDay":false,"_EventTimezone":"","_EventStartDate":"","_EventEndDate":"","_EventStartDateUTC":"","_EventEndDateUTC":"","_EventShowMap":false,"_EventShowMapLink":false,"_EventURL":"","_EventCost":"","_EventCostDescription":"","_EventCurrencySymbol":"","_EventCurrencyCode":"","_EventCurrencyPosition":"","_EventDateTimeSeparator":"","_EventTimeRangeSeparator":"","_EventOrganizerID":[],"_EventVenueID":[],"_OrganizerEmail":"","_OrganizerPhone":"","_OrganizerWebsite":"","_VenueAddress":"","_VenueCity":"","_VenueCountry":"","_VenueProvince":"","_VenueState":"","_VenueZip":"","_VenuePhone":"","_VenueURL":"","_VenueStateProvince":"","_VenueLat":"","_VenueLng":"","_VenueShowMap":false,"_VenueShowMapLink":false},"categories":[152,33],"tags":[195,228],"class_list":["post-19279","awf-news","type-awf-news","status-publish","has-post-thumbnail","hentry","category-latin-america-fr","category-news-fr","tag-biography-fr","tag-cla-fr"],"_links":{"self":[{"href":"https:\/\/awf.world\/fr\/wp-json\/wp\/v2\/awf-news\/19279","targetHints":{"allow":["GET"]}}],"collection":[{"href":"https:\/\/awf.world\/fr\/wp-json\/wp\/v2\/awf-news"}],"about":[{"href":"https:\/\/awf.world\/fr\/wp-json\/wp\/v2\/types\/awf-news"}],"author":[{"embeddable":true,"href":"https:\/\/awf.world\/fr\/wp-json\/wp\/v2\/users\/24"}],"wp:featuredmedia":[{"embeddable":true,"href":"https:\/\/awf.world\/fr\/wp-json\/wp\/v2\/media\/19276"}],"wp:attachment":[{"href":"https:\/\/awf.world\/fr\/wp-json\/wp\/v2\/media?parent=19279"}],"wp:term":[{"taxonomy":"category","embeddable":true,"href":"https:\/\/awf.world\/fr\/wp-json\/wp\/v2\/categories?post=19279"},{"taxonomy":"post_tag","embeddable":true,"href":"https:\/\/awf.world\/fr\/wp-json\/wp\/v2\/tags?post=19279"}],"curies":[{"name":"wp","href":"https:\/\/api.w.org\/{rel}","templated":true}]}}