{"id":18934,"date":"2018-07-12T09:46:09","date_gmt":"2018-07-12T14:46:09","guid":{"rendered":"http:\/\/awf.world\/awf-news\/mise-a-jour-de-la-region-emerald-europe-et-moyen-orient-la-visite-a-erbil\/"},"modified":"2018-07-16T07:51:51","modified_gmt":"2018-07-16T12:51:51","slug":"mise-a-jour-de-la-region-emerald-europe-et-moyen-orient-la-visite-a-erbil","status":"publish","type":"awf-news","link":"https:\/\/awf.world\/fr\/awf-news\/mise-a-jour-de-la-region-emerald-europe-et-moyen-orient-la-visite-a-erbil\/","title":{"rendered":"L&rsquo;\u00c9glise C &#038; MA d&rsquo;Erbil \u00c9largit sa Port\u00e9e"},"content":{"rendered":"<h6 style=\"text-align: center;\">R\u00e9v. Munther Shahatit (chemise blanche) et R\u00e9v. Malath (chemise violette)<\/h6>\n<h4 style=\"text-align: justify;\">L&rsquo;\u00e9glise C &amp; MA d&rsquo;Erbil am\u00e8ne de nombreuses personnes \u00e0 Christ et \u00e9tend sa port\u00e9e au fur et \u00e0 mesure que ces nouveaux croyants retournent dans les villes anciennement occup\u00e9es par l\u2019EI pour fonder une nouvelle \u00e9glise.<\/h4>\n<p>Lors d&rsquo;une r\u00e9cente visite en Irak, le r\u00e9v\u00e9rend Munther Shahatit a pr\u00each\u00e9 \u00e0 l&rsquo;\u00e9glise C &amp; MA d&rsquo;Erbil et a encourag\u00e9 ses membres. Il dit que la salle \u00e9tait pleine de gens, dont beaucoup avaient commenc\u00e9 \u00e0 fr\u00e9quenter l&rsquo;\u00e9glise apr\u00e8s avoir fui l&rsquo;EI. \u00ab Ils sont venus \u00e0 conna\u00eetre le Seigneur \u00bb, dit-il, \u00ab et ils ont chang\u00e9 au milieu de leur crise, incroyable\u00a0! \u00bb<\/p>\n<p>Le pasteur de l&rsquo;\u00e9glise, le r\u00e9v\u00e9rend Malath, investit son temps pour construire sa congr\u00e9gation en se concentrant de plus en plus sur le mentorat de nouveaux leaders. Un grand d\u00e9veloppement est que certaines des familles mentionn\u00e9es ci-dessus retournent \u00e0 leur place apr\u00e8s que le groupe EI qui occupait la zone a \u00e9t\u00e9 expuls\u00e9. L&rsquo;\u00e9glise utilise l&rsquo;\u00c9vangile et la vision de l&rsquo;\u00e9glise pour aider ces familles \u00e0 cr\u00e9er une nouvelle \u00e9glise.<\/p>\n<p>S&rsquo;il vous pla\u00eet, priez pour le R\u00e9v\u00e9rend Malath et sa famille, les dirigeants de l&rsquo;\u00e9glise, leur vision et leurs besoins spirituels et financiers.<\/p>\n","protected":false},"author":24,"featured_media":18932,"template":"","meta":{"inline_featured_image":false,"ngg_post_thumbnail":0,"_EventAllDay":false,"_EventTimezone":"","_EventStartDate":"","_EventEndDate":"","_EventStartDateUTC":"","_EventEndDateUTC":"","_EventShowMap":false,"_EventShowMapLink":false,"_EventURL":"","_EventCost":"","_EventCostDescription":"","_EventCurrencySymbol":"","_EventCurrencyCode":"","_EventCurrencyPosition":"","_EventDateTimeSeparator":"","_EventTimeRangeSeparator":"","_EventOrganizerID":[],"_EventVenueID":[],"_OrganizerEmail":"","_OrganizerPhone":"","_OrganizerWebsite":"","_VenueAddress":"","_VenueCity":"","_VenueCountry":"","_VenueProvince":"","_VenueState":"","_VenueZip":"","_VenuePhone":"","_VenueURL":"","_VenueStateProvince":"","_VenueLat":"","_VenueLng":"","_VenueShowMap":false,"_VenueShowMapLink":false},"categories":[145,33],"tags":[201,200],"class_list":["post-18934","awf-news","type-awf-news","status-publish","has-post-thumbnail","hentry","category-europe-middle-east","category-news-fr","tag-church-planting-fr","tag-emerald-fr"],"_links":{"self":[{"href":"https:\/\/awf.world\/fr\/wp-json\/wp\/v2\/awf-news\/18934","targetHints":{"allow":["GET"]}}],"collection":[{"href":"https:\/\/awf.world\/fr\/wp-json\/wp\/v2\/awf-news"}],"about":[{"href":"https:\/\/awf.world\/fr\/wp-json\/wp\/v2\/types\/awf-news"}],"author":[{"embeddable":true,"href":"https:\/\/awf.world\/fr\/wp-json\/wp\/v2\/users\/24"}],"wp:featuredmedia":[{"embeddable":true,"href":"https:\/\/awf.world\/fr\/wp-json\/wp\/v2\/media\/18932"}],"wp:attachment":[{"href":"https:\/\/awf.world\/fr\/wp-json\/wp\/v2\/media?parent=18934"}],"wp:term":[{"taxonomy":"category","embeddable":true,"href":"https:\/\/awf.world\/fr\/wp-json\/wp\/v2\/categories?post=18934"},{"taxonomy":"post_tag","embeddable":true,"href":"https:\/\/awf.world\/fr\/wp-json\/wp\/v2\/tags?post=18934"}],"curies":[{"name":"wp","href":"https:\/\/api.w.org\/{rel}","templated":true}]}}