{"id":18928,"date":"2018-07-09T13:53:20","date_gmt":"2018-07-09T18:53:20","guid":{"rendered":"http:\/\/awf.world\/awf-news\/voyage-de-mission-au-mali-en-guinee-et-au-senegal\/"},"modified":"2018-07-09T13:53:20","modified_gmt":"2018-07-09T18:53:20","slug":"voyage-de-mission-au-mali-en-guinee-et-au-senegal","status":"publish","type":"awf-news","link":"https:\/\/awf.world\/fr\/awf-news\/voyage-de-mission-au-mali-en-guinee-et-au-senegal\/","title":{"rendered":"Voyage de Mission au Mali, en Guin\u00e9e et au S\u00e9n\u00e9gal"},"content":{"rendered":"<h4 style=\"text-align: justify;\"><\/h4>\n<h4 style=\"text-align: justify;\"><strong>L&rsquo;\u00e9quipe du CLA (R\u00e9gion Am\u00e9rique Latine) et certains dirigeants des \u00e9glises de l&rsquo;Alliance sud-am\u00e9ricaine se rendront au Mali, en Guin\u00e9e et au S\u00e9n\u00e9gal en juillet 2018. Ils esp\u00e8rent apporter des encouragements et des b\u00e9n\u00e9dictions aux \u00e9glises, fr\u00e8res et s\u0153urs qu&rsquo;ils visitent.<\/strong><\/h4>\n<p>Dans le cadre du plan CLA-Misiones (R\u00e9gion Am\u00e9rique Latine), et profitant de la r\u00e9union du R\u00e9seau Mondial des Chefs de Mission au S\u00e9n\u00e9gal, un voyage en Afrique de l&rsquo;Ouest a \u00e9t\u00e9 organis\u00e9. Le voyage a re\u00e7u le soutien direct de la famille Alliance et du pr\u00e9sident de l&rsquo;AWF, le Pr\u00e9sident Dr Jura Yanagihara. De nombreux dirigeants de divers pays d&rsquo;Am\u00e9rique du Sud, et m\u00eame certains membres de l&rsquo;\u00e9quipe consultative des missions du CLA, participeront \u00e0 ce voyage.<\/p>\n<p>L&rsquo;objectif est de visiter le Mali, la Guin\u00e9e et le S\u00e9n\u00e9gal, en apportant des encouragements et des b\u00e9n\u00e9dictions aux autres \u00e9glises de l&rsquo;Alliance dans ces pays. Ils apprendront aussi les possibilit\u00e9s de nouveaux minist\u00e8res et d&rsquo;envoyer de nouveaux missionnaires.<\/p>\n<p>Ils esp\u00e8rent que cette exp\u00e9rience interculturelle aidera \u00e0 promouvoir, mobiliser et renforcer la vision missionnaire de leur r\u00e9gion, de sorte qu&rsquo;ils auront un plus grand nombre de missionnaires interculturels en cons\u00e9quence.<\/p>\n<p>Ils arriveront t\u00f4t le matin du 11 juillet au Mali, o\u00f9 ils commenceront leur voyage. Ils visiteront de nombreuses villes avant de se rendre en Guin\u00e9e. Apr\u00e8s cela, ils partent pour le S\u00e9n\u00e9gal, o\u00f9 ils finiront ce voyage. Ils esp\u00e8rent travailler avec les enfants, les jeunes et les adultes des \u00e9glises.<\/p>\n<p>S&rsquo;il vous pla\u00eet, priez pour leur bien-\u00eatre, leur sant\u00e9 et leur protection durant leurs voyages dans chaque pays. Priez aussi qu&rsquo;ils obtiennent des visas, sp\u00e9cialement au S\u00e9n\u00e9gal, sans complications et pour faciliter la communication et le travail d&rsquo;\u00e9quipe avec les fr\u00e8res et s\u0153urs dans ces lieux qu&rsquo;ils visiteront.<\/p>\n<p>Prions aussi que Dieu leur donne les bonnes paroles et la sagesse dans tout ce qu&rsquo;ils font.<\/p>\n","protected":false},"author":24,"featured_media":18926,"template":"","meta":{"inline_featured_image":false,"ngg_post_thumbnail":0,"_EventAllDay":false,"_EventTimezone":"","_EventStartDate":"","_EventEndDate":"","_EventStartDateUTC":"","_EventEndDateUTC":"","_EventShowMap":false,"_EventShowMapLink":false,"_EventURL":"","_EventCost":"","_EventCostDescription":"","_EventCurrencySymbol":"","_EventCurrencyCode":"","_EventCurrencyPosition":"","_EventDateTimeSeparator":"","_EventTimeRangeSeparator":"","_EventOrganizerID":[],"_EventVenueID":[],"_OrganizerEmail":"","_OrganizerPhone":"","_OrganizerWebsite":"","_VenueAddress":"","_VenueCity":"","_VenueCountry":"","_VenueProvince":"","_VenueState":"","_VenueZip":"","_VenuePhone":"","_VenueURL":"","_VenueStateProvince":"","_VenueLat":"","_VenueLng":"","_VenueShowMap":false,"_VenueShowMapLink":false},"categories":[284,152,33],"tags":[277,208,228,206],"class_list":["post-18928","awf-news","type-awf-news","status-publish","has-post-thumbnail","hentry","category-afrique","category-latin-america-fr","category-news-fr","tag-afrique","tag-amerique-latine","tag-cla-fr","tag-missions-fr"],"_links":{"self":[{"href":"https:\/\/awf.world\/fr\/wp-json\/wp\/v2\/awf-news\/18928","targetHints":{"allow":["GET"]}}],"collection":[{"href":"https:\/\/awf.world\/fr\/wp-json\/wp\/v2\/awf-news"}],"about":[{"href":"https:\/\/awf.world\/fr\/wp-json\/wp\/v2\/types\/awf-news"}],"author":[{"embeddable":true,"href":"https:\/\/awf.world\/fr\/wp-json\/wp\/v2\/users\/24"}],"wp:featuredmedia":[{"embeddable":true,"href":"https:\/\/awf.world\/fr\/wp-json\/wp\/v2\/media\/18926"}],"wp:attachment":[{"href":"https:\/\/awf.world\/fr\/wp-json\/wp\/v2\/media?parent=18928"}],"wp:term":[{"taxonomy":"category","embeddable":true,"href":"https:\/\/awf.world\/fr\/wp-json\/wp\/v2\/categories?post=18928"},{"taxonomy":"post_tag","embeddable":true,"href":"https:\/\/awf.world\/fr\/wp-json\/wp\/v2\/tags?post=18928"}],"curies":[{"name":"wp","href":"https:\/\/api.w.org\/{rel}","templated":true}]}}