{"id":18888,"date":"2018-06-29T14:24:17","date_gmt":"2018-06-29T19:24:17","guid":{"rendered":"http:\/\/awf.world\/awf-news\/convention-de-la-jeunesse-de-lalliance-du-synode-du-gujarat-inde\/"},"modified":"2018-06-29T14:24:17","modified_gmt":"2018-06-29T19:24:17","slug":"convention-de-la-jeunesse-de-lalliance-du-synode-du-gujarat-inde","status":"publish","type":"awf-news","link":"https:\/\/awf.world\/fr\/awf-news\/convention-de-la-jeunesse-de-lalliance-du-synode-du-gujarat-inde\/","title":{"rendered":"Convention de la Jeunesse de l&rsquo;Alliance du Synode du Gujarat, Inde"},"content":{"rendered":"<p><img loading=\"lazy\" decoding=\"async\" class=\"aligncenter size-full wp-image-18883\" src=\"http:\/\/awf.world\/wp-content\/uploads\/2018\/06\/Youth-Convention-in-Gujarat-India_2018-05-e1530300131830.png\" alt=\"\" width=\"734\" height=\"551\" \/><\/p>\n<h4 style=\"text-align: justify;\">Louez le Seigneur pour la Convention de la jeunesse de l&rsquo;Alliance qui s&rsquo;est tenue en Inde en mai 2018 et pour les 22 jeunes qui ont consacr\u00e9 leur vie au Christ.<\/h4>\n<p>Une convention des jeunes de l&rsquo;Alliance a \u00e9t\u00e9 organis\u00e9e par le synode du Gujarat en Inde les 11 et 13 mai 2018. Il y avait 56 jeunes qui ont particip\u00e9 \u00e0 l&rsquo;\u00e9v\u00e9nement, dont 22 ont consacr\u00e9 leur vie au Seigneur J\u00e9sus-Christ. Un camp de jeunes de suivi a \u00e9t\u00e9 organis\u00e9 le 9 juin 2018. Priez que ceux qui ont consacr\u00e9 leur vie au Christ continueront \u00e0 assister \u00e0 l&rsquo;\u00e9glise pour l&rsquo;accompagnement et le disciple.<\/p>\n","protected":false},"author":24,"featured_media":18884,"template":"","meta":{"inline_featured_image":false,"ngg_post_thumbnail":0,"_EventAllDay":false,"_EventTimezone":"","_EventStartDate":"","_EventEndDate":"","_EventStartDateUTC":"","_EventEndDateUTC":"","_EventShowMap":false,"_EventShowMapLink":false,"_EventURL":"","_EventCost":"","_EventCostDescription":"","_EventCurrencySymbol":"","_EventCurrencyCode":"","_EventCurrencyPosition":"","_EventDateTimeSeparator":"","_EventTimeRangeSeparator":"","_EventOrganizerID":[],"_EventVenueID":[],"_OrganizerEmail":"","_OrganizerPhone":"","_OrganizerWebsite":"","_VenueAddress":"","_VenueCity":"","_VenueCountry":"","_VenueProvince":"","_VenueState":"","_VenueZip":"","_VenuePhone":"","_VenueURL":"","_VenueStateProvince":"","_VenueLat":"","_VenueLng":"","_VenueShowMap":false,"_VenueShowMapLink":false},"categories":[150,33],"tags":[196,260,322],"class_list":["post-18888","awf-news","type-awf-news","status-publish","has-post-thumbnail","hentry","category-asia-pacific","category-news-fr","tag-apac-fr","tag-inde","tag-ministere-de-la-jeunesse"],"_links":{"self":[{"href":"https:\/\/awf.world\/fr\/wp-json\/wp\/v2\/awf-news\/18888","targetHints":{"allow":["GET"]}}],"collection":[{"href":"https:\/\/awf.world\/fr\/wp-json\/wp\/v2\/awf-news"}],"about":[{"href":"https:\/\/awf.world\/fr\/wp-json\/wp\/v2\/types\/awf-news"}],"author":[{"embeddable":true,"href":"https:\/\/awf.world\/fr\/wp-json\/wp\/v2\/users\/24"}],"wp:featuredmedia":[{"embeddable":true,"href":"https:\/\/awf.world\/fr\/wp-json\/wp\/v2\/media\/18884"}],"wp:attachment":[{"href":"https:\/\/awf.world\/fr\/wp-json\/wp\/v2\/media?parent=18888"}],"wp:term":[{"taxonomy":"category","embeddable":true,"href":"https:\/\/awf.world\/fr\/wp-json\/wp\/v2\/categories?post=18888"},{"taxonomy":"post_tag","embeddable":true,"href":"https:\/\/awf.world\/fr\/wp-json\/wp\/v2\/tags?post=18888"}],"curies":[{"name":"wp","href":"https:\/\/api.w.org\/{rel}","templated":true}]}}