{"id":18887,"date":"2018-06-29T14:10:50","date_gmt":"2018-06-29T19:10:50","guid":{"rendered":"http:\/\/awf.world\/awf-news\/la-conference-du-nafi-rassemblera-les-ministeres-lies-a-lalliance-en-inde-en-mai-2019\/"},"modified":"2018-06-29T14:10:50","modified_gmt":"2018-06-29T19:10:50","slug":"la-conference-du-nafi-rassemblera-les-ministeres-lies-a-lalliance-en-inde-en-mai-2019","status":"publish","type":"awf-news","link":"https:\/\/awf.world\/fr\/awf-news\/la-conference-du-nafi-rassemblera-les-ministeres-lies-a-lalliance-en-inde-en-mai-2019\/","title":{"rendered":"La conf\u00e9rence du NAFI rassemblera les minist\u00e8res li\u00e9s \u00e0 l&rsquo;Alliance en Inde en mai 2019"},"content":{"rendered":"<figure id=\"attachment_18877\" aria-describedby=\"caption-attachment-18877\" style=\"width: 413px\" class=\"wp-caption aligncenter\"><img loading=\"lazy\" decoding=\"async\" class=\"wp-image-18877 size-full\" src=\"http:\/\/awf.world\/wp-content\/uploads\/2018\/06\/NAFI-e1530299602653.png\" alt=\"\" width=\"413\" height=\"307\" \/><figcaption id=\"caption-attachment-18877\" class=\"wp-caption-text\">De gauche \u00e0 droite: Rajesh Patole, Atul Aghamkar, Prabhakar Makasare, Roland Lumawag (Coordinateur R\u00e9gional de l&rsquo;AWF APAC), Yakob Ingle, David Christian, Stenly Christian<\/figcaption><\/figure>\n<h4 style=\"text-align: justify;\">Dans les demandes de pri\u00e8re de mai de l&rsquo;AWF, nous avons pri\u00e9 pour la premi\u00e8re r\u00e9union du Comit\u00e9 de coordination de l&rsquo;Alliance Nationale de l&rsquo;Inde (National Alliance Fellowship of India \u2013 NAFI). Dieu a r\u00e9pondu \u00e0 nos pri\u00e8res et les dirigeants pr\u00e9sents ont eu un temps fructueux et b\u00e9ni ensemble.<\/h4>\n<p>Pour la gloire de notre Dieu, apr\u00e8s la d\u00e9claration officielle de L\u2019Alliance Nationale de l\u2019Inde (National Alliance Fellowship of India &#8211; NAFI) le 12 novembre 2017 \u00e0 Ahmedabad, Gujarat, le comit\u00e9 de coordination du NAFI a tenu sa premi\u00e8re r\u00e9union les 21 et 23 mai 2018 \u00e0 Mumbai.<\/p>\n<p>L&rsquo;un des points forts de cette rencontre a \u00e9t\u00e9 la b\u00e9n\u00e9diction qu&rsquo;elle a apport\u00e9e aux personnes pr\u00e9sentes. Les six leaders indiens pr\u00e9sents, dont cinq repr\u00e9sentaient les \u00e9glises de l&rsquo;Alliance en Inde, ont eu l&rsquo;occasion de prier les uns pour les autres et d&rsquo;en apprendre plus les uns sur les autres individuellement et minist\u00e9riellement. Ils ont \u00e9galement pu prier en \u00e9quipe. L&rsquo;enthousiasme \u00e9tait pr\u00e9sent pendant qu&rsquo;ils appr\u00e9ciaient leur temps ensemble.<\/p>\n<p>En plus de merveilleux moment pass\u00e9 ensemble, l&rsquo;\u00e9quipe a d\u00e9cid\u00e9 \u00e0 l&rsquo;unanimit\u00e9 d&rsquo;organiser une conf\u00e9rence pour le NAFI en mai 2019. L&rsquo;\u00e9v\u00e9nement sera pour tous les dirigeants qui sont impliqu\u00e9s dans un minist\u00e8re li\u00e9 \u00e0 l&rsquo;Alliance en Inde. Le comit\u00e9 de coordination commencera \u00e0 rassembler des informations et \u00e0 pr\u00e9parer la conf\u00e9rence. Prions que Dieu leur donne la force et la sagesse pour pr\u00e9parer ce rassemblement.<\/p>\n","protected":false},"author":24,"featured_media":18878,"template":"","meta":{"inline_featured_image":false,"ngg_post_thumbnail":0,"_EventAllDay":false,"_EventTimezone":"","_EventStartDate":"","_EventEndDate":"","_EventStartDateUTC":"","_EventEndDateUTC":"","_EventShowMap":false,"_EventShowMapLink":false,"_EventURL":"","_EventCost":"","_EventCostDescription":"","_EventCurrencySymbol":"","_EventCurrencyCode":"","_EventCurrencyPosition":"","_EventDateTimeSeparator":"","_EventTimeRangeSeparator":"","_EventOrganizerID":[],"_EventVenueID":[],"_OrganizerEmail":"","_OrganizerPhone":"","_OrganizerWebsite":"","_VenueAddress":"","_VenueCity":"","_VenueCountry":"","_VenueProvince":"","_VenueState":"","_VenueZip":"","_VenuePhone":"","_VenueURL":"","_VenueStateProvince":"","_VenueLat":"","_VenueLng":"","_VenueShowMap":false,"_VenueShowMapLink":false},"categories":[150,33],"tags":[196,260,204,251],"class_list":["post-18887","awf-news","type-awf-news","status-publish","has-post-thumbnail","hentry","category-asia-pacific","category-news-fr","tag-apac-fr","tag-inde","tag-leadership-fr","tag-pastorale"],"_links":{"self":[{"href":"https:\/\/awf.world\/fr\/wp-json\/wp\/v2\/awf-news\/18887","targetHints":{"allow":["GET"]}}],"collection":[{"href":"https:\/\/awf.world\/fr\/wp-json\/wp\/v2\/awf-news"}],"about":[{"href":"https:\/\/awf.world\/fr\/wp-json\/wp\/v2\/types\/awf-news"}],"author":[{"embeddable":true,"href":"https:\/\/awf.world\/fr\/wp-json\/wp\/v2\/users\/24"}],"wp:featuredmedia":[{"embeddable":true,"href":"https:\/\/awf.world\/fr\/wp-json\/wp\/v2\/media\/18878"}],"wp:attachment":[{"href":"https:\/\/awf.world\/fr\/wp-json\/wp\/v2\/media?parent=18887"}],"wp:term":[{"taxonomy":"category","embeddable":true,"href":"https:\/\/awf.world\/fr\/wp-json\/wp\/v2\/categories?post=18887"},{"taxonomy":"post_tag","embeddable":true,"href":"https:\/\/awf.world\/fr\/wp-json\/wp\/v2\/tags?post=18887"}],"curies":[{"name":"wp","href":"https:\/\/api.w.org\/{rel}","templated":true}]}}