{"id":18690,"date":"2018-05-30T09:48:38","date_gmt":"2018-05-30T14:48:38","guid":{"rendered":"http:\/\/awf.world\/awf-news\/partenariats-en-guinee-equatoriale\/"},"modified":"2018-06-08T08:13:57","modified_gmt":"2018-06-08T13:13:57","slug":"partenariats-en-guinee-equatoriale","status":"publish","type":"awf-news","link":"https:\/\/awf.world\/fr\/awf-news\/partenariats-en-guinee-equatoriale\/","title":{"rendered":"Partenariats en Guin\u00e9e \u00c9quatoriale"},"content":{"rendered":"<h4><\/h4>\n<h4 style=\"text-align: justify;\">Le r\u00e9v\u00e9rend Victor Ndoukou Moukoko, pr\u00e9sident du C &amp; MA du Gabon, et le pasteur Pedro Micha Obama, de la Guin\u00e9e \u00c9quatoriale, s&rsquo;associent pour \u00e9tendre le Royaume de Dieu sur toute la terre de la r\u00e9gion ouest-africaine.<\/h4>\n<p>La Guin\u00e9e \u00e9quatoriale est un petit pays avec une diversit\u00e9 ethnique consid\u00e9rable. On estime que 85% de la population est d&rsquo;origine Fang, mais il y a beaucoup plus d&rsquo;ethnies dans le pays. Il a d\u00e9j\u00e0 \u00e9t\u00e9 une colonie espagnole et une colonie fran\u00e7aise, donc les deux langues sont parl\u00e9es l\u00e0-bas. M\u00eame s&rsquo;il est connu comme un pays nominalement chr\u00e9tien, il est principalement catholique &#8211; et avec de nombreuses pratiques pa\u00efennes.<\/p>\n<p><img loading=\"lazy\" decoding=\"async\" class=\"alignleft size-medium wp-image-18688\" src=\"http:\/\/awf.world\/wp-content\/uploads\/2018\/05\/Equatorial-Guinea_Foto2-300x146.jpg\" alt=\"\" width=\"300\" height=\"146\" srcset=\"https:\/\/awf.world\/wp-content\/uploads\/2018\/05\/Equatorial-Guinea_Foto2-300x146.jpg 300w, https:\/\/awf.world\/wp-content\/uploads\/2018\/05\/Equatorial-Guinea_Foto2-285x138.jpg 285w, https:\/\/awf.world\/wp-content\/uploads\/2018\/05\/Equatorial-Guinea_Foto2.jpg 443w\" sizes=\"auto, (max-width: 300px) 100vw, 300px\" \/><\/p>\n<p>Le r\u00e9v\u00e9rend Victor Ndoukou Moukoko, pr\u00e9sident du C &amp; MA du Gabon, a parl\u00e9 au pasteur Pedro Micha Obama de son travail pour l&rsquo;\u00e9glise de Guin\u00e9e \u00e9quatoriale. Et, louange le Seigneur, le 14 mars, un culte a eu lieu dans l&rsquo;\u00e9glise du pasteur Obama en l&rsquo;honneur de la d\u00e9l\u00e9gation missionnaire en visite.<\/p>\n<p>&nbsp;<\/p>\n<p><img loading=\"lazy\" decoding=\"async\" class=\"alignright size-medium wp-image-18689\" src=\"http:\/\/awf.world\/wp-content\/uploads\/2018\/05\/Equatorial-Guinea_Foto3-300x225.jpg\" alt=\"\" width=\"300\" height=\"225\" srcset=\"https:\/\/awf.world\/wp-content\/uploads\/2018\/05\/Equatorial-Guinea_Foto3-300x225.jpg 300w, https:\/\/awf.world\/wp-content\/uploads\/2018\/05\/Equatorial-Guinea_Foto3-272x204.jpg 272w, https:\/\/awf.world\/wp-content\/uploads\/2018\/05\/Equatorial-Guinea_Foto3.jpg 454w\" sizes=\"auto, (max-width: 300px) 100vw, 300px\" \/><\/p>\n<p>En plus de cela, la construction de l&rsquo;\u00e9glise de Malabo red\u00e9marre, gr\u00e2ce \u00e0 l&rsquo;aide du couple missionnaire Ondo et Eva, qui ont \u00e9t\u00e9 tr\u00e8s utiles.<\/p>\n<p>&nbsp;<\/p>\n<p>Prions pour que le projet continue et que leur partenariat avec le C &amp; MA du Gabon soit une b\u00e9n\u00e9diction pour les \u00e9glises et les gens autour d&rsquo;eux.<\/p>\n","protected":false},"author":24,"featured_media":18703,"template":"","meta":{"inline_featured_image":false,"ngg_post_thumbnail":0,"_EventAllDay":false,"_EventTimezone":"","_EventStartDate":"","_EventEndDate":"","_EventStartDateUTC":"","_EventEndDateUTC":"","_EventShowMap":false,"_EventShowMapLink":false,"_EventURL":"","_EventCost":"","_EventCostDescription":"","_EventCurrencySymbol":"","_EventCurrencyCode":"","_EventCurrencyPosition":"","_EventDateTimeSeparator":"","_EventTimeRangeSeparator":"","_EventOrganizerID":[],"_EventVenueID":[],"_OrganizerEmail":"","_OrganizerPhone":"","_OrganizerWebsite":"","_VenueAddress":"","_VenueCity":"","_VenueCountry":"","_VenueProvince":"","_VenueState":"","_VenueZip":"","_VenuePhone":"","_VenueURL":"","_VenueStateProvince":"","_VenueLat":"","_VenueLng":"","_VenueShowMap":false,"_VenueShowMapLink":false},"categories":[284,33],"tags":[277,201],"class_list":["post-18690","awf-news","type-awf-news","status-publish","has-post-thumbnail","hentry","category-afrique","category-news-fr","tag-afrique","tag-church-planting-fr"],"_links":{"self":[{"href":"https:\/\/awf.world\/fr\/wp-json\/wp\/v2\/awf-news\/18690","targetHints":{"allow":["GET"]}}],"collection":[{"href":"https:\/\/awf.world\/fr\/wp-json\/wp\/v2\/awf-news"}],"about":[{"href":"https:\/\/awf.world\/fr\/wp-json\/wp\/v2\/types\/awf-news"}],"author":[{"embeddable":true,"href":"https:\/\/awf.world\/fr\/wp-json\/wp\/v2\/users\/24"}],"wp:featuredmedia":[{"embeddable":true,"href":"https:\/\/awf.world\/fr\/wp-json\/wp\/v2\/media\/18703"}],"wp:attachment":[{"href":"https:\/\/awf.world\/fr\/wp-json\/wp\/v2\/media?parent=18690"}],"wp:term":[{"taxonomy":"category","embeddable":true,"href":"https:\/\/awf.world\/fr\/wp-json\/wp\/v2\/categories?post=18690"},{"taxonomy":"post_tag","embeddable":true,"href":"https:\/\/awf.world\/fr\/wp-json\/wp\/v2\/tags?post=18690"}],"curies":[{"name":"wp","href":"https:\/\/api.w.org\/{rel}","templated":true}]}}