{"id":18680,"date":"2018-05-30T09:16:15","date_gmt":"2018-05-30T14:16:15","guid":{"rendered":"http:\/\/awf.world\/awf-news\/la-construction-des-eglises-au-benin-2\/"},"modified":"2018-05-30T15:26:09","modified_gmt":"2018-05-30T20:26:09","slug":"la-construction-des-eglises-au-benin-2","status":"publish","type":"awf-news","link":"https:\/\/awf.world\/fr\/awf-news\/la-construction-des-eglises-au-benin-2\/","title":{"rendered":"La Construction des \u00c9glises au B\u00e9nin"},"content":{"rendered":"<p><img loading=\"lazy\" decoding=\"async\" class=\"aligncenter size-medium wp-image-18695\" src=\"http:\/\/awf.world\/wp-content\/uploads\/2018\/05\/Benin_Foto2-1-300x201.jpg\" alt=\"\" width=\"300\" height=\"201\" srcset=\"https:\/\/awf.world\/wp-content\/uploads\/2018\/05\/Benin_Foto2-1-300x201.jpg 300w, https:\/\/awf.world\/wp-content\/uploads\/2018\/05\/Benin_Foto2-1-285x191.jpg 285w, https:\/\/awf.world\/wp-content\/uploads\/2018\/05\/Benin_Foto2-1-272x182.jpg 272w, https:\/\/awf.world\/wp-content\/uploads\/2018\/05\/Benin_Foto2-1.jpg 321w\" sizes=\"auto, (max-width: 300px) 100vw, 300px\" \/><\/p>\n<h4 style=\"text-align: justify;\">Dans un pays si ethniquement si diversifi\u00e9 et avec tant de croyances diff\u00e9rentes, une seconde \u00e9glise est en construction pour continuer \u00e0 r\u00e9pandre la parole de Dieu parmi les B\u00e9ninois. Si Dieu le veut, le projet b\u00e9nira la vie de nombreuses personnes et rassemblera les B\u00e9ninois pour c\u00e9l\u00e9brer Son nom.<\/h4>\n<p>Le B\u00e9nin est un pays de la r\u00e9gion ouest-africaine. C&rsquo;\u00e9tait une colonie fran\u00e7aise jusqu&rsquo;au 1er ao\u00fbt 1960. Il est extr\u00eamement diversifi\u00e9 sur le plan ethnique, les peuples Fon, Adja et Yoruba constituant la majeure partie de la population. On estime que 27,7% de la population est musulmane, suivie de 25,5% des catholiques et de 13,5% des protestants. Le pourcentage restant est divis\u00e9 en d&rsquo;autres confessions chr\u00e9tiennes et religions locales traditionnelles, y compris Vodoun.<\/p>\n<p><img loading=\"lazy\" decoding=\"async\" class=\"alignleft size-medium wp-image-18673\" src=\"http:\/\/awf.world\/wp-content\/uploads\/2018\/05\/Benin_Foto3-300x180.jpg\" alt=\"\" width=\"300\" height=\"180\" srcset=\"https:\/\/awf.world\/wp-content\/uploads\/2018\/05\/Benin_Foto3-300x180.jpg 300w, https:\/\/awf.world\/wp-content\/uploads\/2018\/05\/Benin_Foto3-331x197.jpg 331w, https:\/\/awf.world\/wp-content\/uploads\/2018\/05\/Benin_Foto3-285x171.jpg 285w, https:\/\/awf.world\/wp-content\/uploads\/2018\/05\/Benin_Foto3.jpg 481w\" sizes=\"auto, (max-width: 300px) 100vw, 300px\" \/><\/p>\n<p>\u00c0 Bohicon, une agglom\u00e9ration d&rsquo;une autre ville au B\u00e9nin, la premi\u00e8re semaine de f\u00e9vrier \u00e9tait pleine de progr\u00e8s concernant les plans de construction de l&rsquo;\u00e9glise. Le temple est le deuxi\u00e8me \u00e0 \u00eatre construit par eux. L&rsquo;\u00e9lectrification du temple, ainsi que le cr\u00e9pissage int\u00e9rieur, ont \u00e9t\u00e9 r\u00e9alis\u00e9s. Les travailleurs ont fait le cadrage du plafond, et ils ont fait la chape du sol. Il ne reste que la pose des plaques de contre- plaqu\u00e9, la peinture et les carreaux.<\/p>\n<p>&nbsp;<\/p>\n<p><img loading=\"lazy\" decoding=\"async\" class=\"alignright size-medium wp-image-18674\" src=\"http:\/\/awf.world\/wp-content\/uploads\/2018\/05\/Benin_Foto1-300x175.jpg\" alt=\"\" width=\"300\" height=\"175\" srcset=\"https:\/\/awf.world\/wp-content\/uploads\/2018\/05\/Benin_Foto1-300x175.jpg 300w, https:\/\/awf.world\/wp-content\/uploads\/2018\/05\/Benin_Foto1-285x166.jpg 285w, https:\/\/awf.world\/wp-content\/uploads\/2018\/05\/Benin_Foto1.jpg 574w\" sizes=\"auto, (max-width: 300px) 100vw, 300px\" \/><\/p>\n<p>Une c\u00e9r\u00e9monie de d\u00e9dicace aura lieu pour c\u00e9l\u00e9brer l&rsquo;ach\u00e8vement du temple ! Cela aura lieu du 12 au 19 juin, au cours de laquelle il y aura une campagne d&rsquo;\u00e9vang\u00e9lisation, la cons\u00e9cration d&rsquo;un pasteur, un bapt\u00eame et une b\u00e9n\u00e9diction nuptiale ! La d\u00e9l\u00e9gation du Gabon quittera la capitale, Libreville, vers le B\u00e9nin le 12. Le lendemain de leur arriv\u00e9e \u00e0 Porto-Novo, capitale du B\u00e9nin, ils partent pour Bohicon.<\/p>\n<p>&nbsp;<\/p>\n<p>&nbsp;<\/p>\n<p>Prions pour que leur voyage soit en s\u00e9curit\u00e9 et qu&rsquo;ils arrivent en toute s\u00e9curit\u00e9 pour c\u00e9l\u00e9brer avec leurs fr\u00e8res et s\u0153urs. Priez aussi pour la construction de l&rsquo;\u00e9glise, afin qu&rsquo;elle puisse b\u00e9nir d&rsquo;innombrables vies.<\/p>\n","protected":false},"author":24,"featured_media":18695,"template":"","meta":{"inline_featured_image":false,"ngg_post_thumbnail":0,"_EventAllDay":false,"_EventTimezone":"","_EventStartDate":"","_EventEndDate":"","_EventStartDateUTC":"","_EventEndDateUTC":"","_EventShowMap":false,"_EventShowMapLink":false,"_EventURL":"","_EventCost":"","_EventCostDescription":"","_EventCurrencySymbol":"","_EventCurrencyCode":"","_EventCurrencyPosition":"","_EventDateTimeSeparator":"","_EventTimeRangeSeparator":"","_EventOrganizerID":[],"_EventVenueID":[],"_OrganizerEmail":"","_OrganizerPhone":"","_OrganizerWebsite":"","_VenueAddress":"","_VenueCity":"","_VenueCountry":"","_VenueProvince":"","_VenueState":"","_VenueZip":"","_VenuePhone":"","_VenueURL":"","_VenueStateProvince":"","_VenueLat":"","_VenueLng":"","_VenueShowMap":false,"_VenueShowMapLink":false},"categories":[284,33],"tags":[277,201],"class_list":["post-18680","awf-news","type-awf-news","status-publish","has-post-thumbnail","hentry","category-afrique","category-news-fr","tag-afrique","tag-church-planting-fr"],"_links":{"self":[{"href":"https:\/\/awf.world\/fr\/wp-json\/wp\/v2\/awf-news\/18680","targetHints":{"allow":["GET"]}}],"collection":[{"href":"https:\/\/awf.world\/fr\/wp-json\/wp\/v2\/awf-news"}],"about":[{"href":"https:\/\/awf.world\/fr\/wp-json\/wp\/v2\/types\/awf-news"}],"author":[{"embeddable":true,"href":"https:\/\/awf.world\/fr\/wp-json\/wp\/v2\/users\/24"}],"wp:featuredmedia":[{"embeddable":true,"href":"https:\/\/awf.world\/fr\/wp-json\/wp\/v2\/media\/18695"}],"wp:attachment":[{"href":"https:\/\/awf.world\/fr\/wp-json\/wp\/v2\/media?parent=18680"}],"wp:term":[{"taxonomy":"category","embeddable":true,"href":"https:\/\/awf.world\/fr\/wp-json\/wp\/v2\/categories?post=18680"},{"taxonomy":"post_tag","embeddable":true,"href":"https:\/\/awf.world\/fr\/wp-json\/wp\/v2\/tags?post=18680"}],"curies":[{"name":"wp","href":"https:\/\/api.w.org\/{rel}","templated":true}]}}