{"id":18335,"date":"2018-04-24T08:08:43","date_gmt":"2018-04-24T13:08:43","guid":{"rendered":"http:\/\/awf.world\/awf-news\/demandes-de-priere-de-lalliance-en-france\/"},"modified":"2018-04-24T08:21:34","modified_gmt":"2018-04-24T13:21:34","slug":"demandes-de-priere-de-lalliance-en-france","status":"publish","type":"awf-news","link":"https:\/\/awf.world\/fr\/awf-news\/demandes-de-priere-de-lalliance-en-france\/","title":{"rendered":"Demandes de Pri\u00e8re de l&rsquo;Alliance en France"},"content":{"rendered":"<h5 style=\"text-align: center;\">Paysage urbain de Paris (Getty Images)<\/h5>\n<p>1) L&rsquo;\u00e9glise de l&rsquo;Alliance en France construit une nouvelle vision pour l&rsquo;avenir et vient de lancer un projet feuille de route parmi ses \u00e9glises pour d\u00e9velopper cette vision. Veuillez prier pour que Dieu apporte la clart\u00e9 et rapproche les \u00e9glises de l&rsquo;Alliance pour sa gloire.<\/p>\n<p>2) L&rsquo;\u00e9glise de l&rsquo;Alliance en France travaille avec la r\u00e9gion africaine de l&rsquo;AWF pour mettre en place un minist\u00e8re de la diaspora africaine en France avec le pasteur Jean Kra de la C &amp; MA C\u00f4te d&rsquo;Ivoire. Veuillez prier pour que les ressources puissent \u00eatre trouv\u00e9es pour soutenir cet important minist\u00e8re qui rapprochera les pays francophones de la famille de l&rsquo;Alliance.<\/p>\n","protected":false},"author":24,"featured_media":18333,"template":"","meta":{"inline_featured_image":false,"ngg_post_thumbnail":0,"_EventAllDay":false,"_EventTimezone":"","_EventStartDate":"","_EventEndDate":"","_EventStartDateUTC":"","_EventEndDateUTC":"","_EventShowMap":false,"_EventShowMapLink":false,"_EventURL":"","_EventCost":"","_EventCostDescription":"","_EventCurrencySymbol":"","_EventCurrencyCode":"","_EventCurrencyPosition":"","_EventDateTimeSeparator":"","_EventTimeRangeSeparator":"","_EventOrganizerID":[],"_EventVenueID":[],"_OrganizerEmail":"","_OrganizerPhone":"","_OrganizerWebsite":"","_VenueAddress":"","_VenueCity":"","_VenueCountry":"","_VenueProvince":"","_VenueState":"","_VenueZip":"","_VenuePhone":"","_VenueURL":"","_VenueStateProvince":"","_VenueLat":"","_VenueLng":"","_VenueShowMap":false,"_VenueShowMapLink":false},"categories":[145,33],"tags":[256,200,236,257],"class_list":["post-18335","awf-news","type-awf-news","status-publish","has-post-thumbnail","hentry","category-europe-middle-east","category-news-fr","tag-diaspora-fr","tag-emerald-fr","tag-france-fr","tag-vision-fr"],"_links":{"self":[{"href":"https:\/\/awf.world\/fr\/wp-json\/wp\/v2\/awf-news\/18335","targetHints":{"allow":["GET"]}}],"collection":[{"href":"https:\/\/awf.world\/fr\/wp-json\/wp\/v2\/awf-news"}],"about":[{"href":"https:\/\/awf.world\/fr\/wp-json\/wp\/v2\/types\/awf-news"}],"author":[{"embeddable":true,"href":"https:\/\/awf.world\/fr\/wp-json\/wp\/v2\/users\/24"}],"wp:featuredmedia":[{"embeddable":true,"href":"https:\/\/awf.world\/fr\/wp-json\/wp\/v2\/media\/18333"}],"wp:attachment":[{"href":"https:\/\/awf.world\/fr\/wp-json\/wp\/v2\/media?parent=18335"}],"wp:term":[{"taxonomy":"category","embeddable":true,"href":"https:\/\/awf.world\/fr\/wp-json\/wp\/v2\/categories?post=18335"},{"taxonomy":"post_tag","embeddable":true,"href":"https:\/\/awf.world\/fr\/wp-json\/wp\/v2\/tags?post=18335"}],"curies":[{"name":"wp","href":"https:\/\/api.w.org\/{rel}","templated":true}]}}