{"id":18329,"date":"2018-04-23T12:59:18","date_gmt":"2018-04-23T17:59:18","guid":{"rendered":"http:\/\/awf.world\/awf-news\/ministere-de-lalliance-manchaster\/"},"modified":"2018-04-23T13:27:04","modified_gmt":"2018-04-23T18:27:04","slug":"ministere-de-lalliance-manchaster","status":"publish","type":"awf-news","link":"https:\/\/awf.world\/fr\/awf-news\/ministere-de-lalliance-manchaster\/","title":{"rendered":"Minist\u00e8re de l&rsquo;Alliance Manchester, Grande Bretagne"},"content":{"rendered":"<p>&nbsp;<\/p>\n<p>Le minist\u00e8re de l&rsquo;ALLIANCE MANCHESTER (TAM) se d\u00e9veloppe avec de nouveaux travailleurs venant de la famille de l\u2019Alliance World Fellowship. Cette croissance n\u00e9cessite le besoin de trouver un nouveau lieu. Philip Margesson et Juan-Carlos Parodi se rendront \u00e0 Lima, au P\u00e9rou, en avril pour rendre compte du minist\u00e8re \u00e0 Manchester et promouvoir les projets TAM aupr\u00e8s de partenaires actuels et potentiels. Veuillez prier pour que Dieu les prot\u00e8ge pendant leur d\u00e9placement et continue \u00e0 b\u00e9nir le minist\u00e8re du TAM.<\/p>\n","protected":false},"author":24,"featured_media":18327,"template":"","meta":{"inline_featured_image":false,"ngg_post_thumbnail":0,"_EventAllDay":false,"_EventTimezone":"","_EventStartDate":"","_EventEndDate":"","_EventStartDateUTC":"","_EventEndDateUTC":"","_EventShowMap":false,"_EventShowMapLink":false,"_EventURL":"","_EventCost":"","_EventCostDescription":"","_EventCurrencySymbol":"","_EventCurrencyCode":"","_EventCurrencyPosition":"","_EventDateTimeSeparator":"","_EventTimeRangeSeparator":"","_EventOrganizerID":[],"_EventVenueID":[],"_OrganizerEmail":"","_OrganizerPhone":"","_OrganizerWebsite":"","_VenueAddress":"","_VenueCity":"","_VenueCountry":"","_VenueProvince":"","_VenueState":"","_VenueZip":"","_VenuePhone":"","_VenueURL":"","_VenueStateProvince":"","_VenueLat":"","_VenueLng":"","_VenueShowMap":false,"_VenueShowMapLink":false},"categories":[145,33],"tags":[201,200,240],"class_list":["post-18329","awf-news","type-awf-news","status-publish","has-post-thumbnail","hentry","category-europe-middle-east","category-news-fr","tag-church-planting-fr","tag-emerald-fr","tag-grande-bretagne"],"_links":{"self":[{"href":"https:\/\/awf.world\/fr\/wp-json\/wp\/v2\/awf-news\/18329","targetHints":{"allow":["GET"]}}],"collection":[{"href":"https:\/\/awf.world\/fr\/wp-json\/wp\/v2\/awf-news"}],"about":[{"href":"https:\/\/awf.world\/fr\/wp-json\/wp\/v2\/types\/awf-news"}],"author":[{"embeddable":true,"href":"https:\/\/awf.world\/fr\/wp-json\/wp\/v2\/users\/24"}],"wp:featuredmedia":[{"embeddable":true,"href":"https:\/\/awf.world\/fr\/wp-json\/wp\/v2\/media\/18327"}],"wp:attachment":[{"href":"https:\/\/awf.world\/fr\/wp-json\/wp\/v2\/media?parent=18329"}],"wp:term":[{"taxonomy":"category","embeddable":true,"href":"https:\/\/awf.world\/fr\/wp-json\/wp\/v2\/categories?post=18329"},{"taxonomy":"post_tag","embeddable":true,"href":"https:\/\/awf.world\/fr\/wp-json\/wp\/v2\/tags?post=18329"}],"curies":[{"name":"wp","href":"https:\/\/api.w.org\/{rel}","templated":true}]}}