{"id":18308,"date":"2018-04-19T13:30:16","date_gmt":"2018-04-19T18:30:16","guid":{"rendered":"http:\/\/awf.world\/awf-news\/le-miracle-de-luruguay\/"},"modified":"2018-06-29T00:40:56","modified_gmt":"2018-06-29T05:40:56","slug":"le-miracle-de-luruguay","status":"publish","type":"awf-news","link":"https:\/\/awf.world\/fr\/awf-news\/le-miracle-de-luruguay\/","title":{"rendered":"Le Miracle de l&rsquo;Uruguay"},"content":{"rendered":"<h5 style=\"text-align: justify;\"><img loading=\"lazy\" decoding=\"async\" class=\" wp-image-18864 aligncenter\" src=\"http:\/\/awf.world\/wp-content\/uploads\/2018\/04\/Uruguai_Pastores-awf.jpg\" alt=\"\" width=\"554\" height=\"332\" srcset=\"https:\/\/awf.world\/wp-content\/uploads\/2018\/04\/Uruguai_Pastores-awf.jpg 734w, https:\/\/awf.world\/wp-content\/uploads\/2018\/04\/Uruguai_Pastores-awf-300x180.jpg 300w, https:\/\/awf.world\/wp-content\/uploads\/2018\/04\/Uruguai_Pastores-awf-331x197.jpg 331w, https:\/\/awf.world\/wp-content\/uploads\/2018\/04\/Uruguai_Pastores-awf-642x385.jpg 642w, https:\/\/awf.world\/wp-content\/uploads\/2018\/04\/Uruguai_Pastores-awf-285x171.jpg 285w\" sizes=\"auto, (max-width: 554px) 100vw, 554px\" \/><\/h5>\n<h4 style=\"text-align: justify;\">Au sein d&rsquo;une soci\u00e9t\u00e9 la\u00efque et agnostique, l&rsquo;Alliance Chr\u00e9tienne et Missionnaire de l&rsquo;Uruguay a fait face \u00e0 de nombreux d\u00e9fis et obstacles avant de v\u00e9ritablement prendre vie. Cet article raconte l&rsquo;histoire de nos fr\u00e8res et s\u0153urs, de ses premiers moments \u00e0 sa r\u00e9alit\u00e9 pr\u00e9sente et r\u00e9ussie. Nous n&rsquo;avons que Dieu \u00e0 remercier pour les choses incroyables qui ont \u00e9t\u00e9 rendues possibles gr\u00e2ce \u00e0 Son \u00e9glise en Uruguay.<\/h4>\n<p>L&rsquo;Uruguay est le pays le moins atteint en Am\u00e9rique latine. Sa soci\u00e9t\u00e9 est agnostique, la\u00efque et fortement post-moderne et elle n&rsquo;appr\u00e9cie pas les valeurs spirituelles et religieuses. Alors que dans le reste de l&rsquo;Am\u00e9rique latine, la reconnaissance des valeurs et des contributions de la religion sont accept\u00e9es, consid\u00e9r\u00e9es et incluses dans la soci\u00e9t\u00e9, en Uruguay, m\u00eame le catholicisme &#8211; notamment nominal &#8211; n&rsquo;est pas pris en compte en ce qui concerne son influence, son opinion et ses actions dans la vie quotidienne de la nation.<\/p>\n<p>Num\u00e9riquement, bien qu&rsquo;il n&rsquo;y ait pas de chiffres et de mesures de recensement sp\u00e9cifiques, les projections et l&rsquo;exp\u00e9rience semblent montrer que les \u00e9vang\u00e9liques ne comptent que 150 000 personnes, soit environ 4,5 % des 3 300 000 habitants du pays. D&rsquo;autre part, 75 % des congr\u00e9gations ont une communaut\u00e9 de moins de 40 personnes, ce qui rend tr\u00e8s difficile la croissance d&rsquo;un minist\u00e8re plus durable.<\/p>\n<p>Immerg\u00e9 dans ce contexte, l&rsquo;Alliance Chr\u00e9tienne et Missionnaire de l&rsquo;Uruguay se d\u00e9veloppe et se bat. Ses origines remontent \u00e0 1960 :<\/p>\n<p>C&rsquo;est le fruit d&rsquo;un vent nouveau de passion missionnaire et d&rsquo;initiatives de l&rsquo;Alliance Chr\u00e9tienne et Missionnaire d&rsquo;Argentine qui dans un effort pr\u00e9coce et engag\u00e9 a envoy\u00e9 un couple pastoral-missionnaire &#8211; Francisco et Ester P\u00e9rez &#8211; pour fonder une \u00e9glise.<\/p>\n<p>Au d\u00e9but des ann\u00e9es 1970, l&rsquo;Alliance uruguayenne a commenc\u00e9 la phase nationale et autonome. C&rsquo;est alors que l&rsquo;Alliance a commenc\u00e9 \u00e0 faire face seule \u00e0 tout l&rsquo;engagement de d\u00e9veloppement, de ressources, de soutien, d&rsquo;initiatives et de l&rsquo;effort naissant et faible. L&rsquo;UA a commenc\u00e9 \u00e0 assumer individuellement et nationalement tout le poids de l&rsquo;\u0153uvre de Dieu, y compris les plans, les d\u00e9fis, la croissance et la structuration.<\/p>\n<p>\u00c0 partir de ce moment naquit le minist\u00e8re confessionnel, la structure organisationnelle, la formation pastorale, le d\u00e9veloppement du leadership, l&rsquo;implantation des \u00e9glises, la cr\u00e9ation d&rsquo;espaces de r\u00e9union, la construction des lieux de culte, le renforcement institutionnel et l&rsquo;\u00e9ducation th\u00e9ologique.<\/p>\n<p>En l&rsquo;an 2000, quarante ans apr\u00e8s sa cr\u00e9ation et d\u00e9j\u00e0 avec un profil d\u00e9fini, l&rsquo;Alliance uruguayenne a r\u00e9ussi \u00e0 influencer l&rsquo;Alliance am\u00e9ricaine pour coordonner un plan de coop\u00e9ration afin d\u2019\u00e9tablir le projet d&rsquo;\u00e9ducation th\u00e9ologique et l\u2019implantation d&rsquo;une deuxi\u00e8me \u00e9glise \u00e0 Montevideo, la capitale. Ce processus a commenc\u00e9 en 2003. En 2014, avec la coop\u00e9ration de l&rsquo;Alliance au Chili, l\u2019implantation d&rsquo;une troisi\u00e8me congr\u00e9gation pour Montevideo a commenc\u00e9 \u00e0 porter ses fruits.<\/p>\n<p>Aujourd&rsquo;hui, ces efforts ont rendu 11 congr\u00e9gations possibles, dont 10 ont leurs propres lieux de culte et propri\u00e9t\u00e9s gr\u00e2ce \u00e0 l&rsquo;engagement de leur propre peuple. Un Institut de Formation Minist\u00e9rielle a \u00e9t\u00e9 cr\u00e9\u00e9, il se renforce et se restructure. Deux nouvelles congr\u00e9gations sont \u00e9galement en cours de formation et il y a maintenant 11 pasteurs nationaux.<\/p>\n<p>De nos jours, l&rsquo;\u00e9glise uruguayenne nous demande de prier avec eux pour<\/p>\n<ul>\n<li>Le renforcement de la vision, de l&rsquo;organisation et de l&rsquo;administration de l&rsquo;\u00e9glise<\/li>\n<li>Le d\u00e9veloppement de la vision, de la passion et de l&rsquo;action missionnaires de l&rsquo;\u00e9glise<\/li>\n<li>Le renforcement de la structure de leadership<\/li>\n<li>La poursuite du d\u00e9veloppement de l&rsquo;\u00e9ducation th\u00e9ologique<\/li>\n<\/ul>\n<p>Les dirigeants de l&rsquo;\u00e9glise nous demandent \u00e9galement de prier pour l&rsquo;\u00e9tablissement et le d\u00e9veloppement de l&rsquo;\u00e9glise dans le sud et l&rsquo;est du pays, en particulier dans la capitale du pays, Montevideo, o\u00f9 il n&rsquo;y a que deux congr\u00e9gations organis\u00e9es et une troisi\u00e8me en formation. Ensemble, ils comptent moins de 60 membres, bien qu&rsquo;ils soient situ\u00e9s l\u00e0 o\u00f9 vivent plus de la moiti\u00e9 de la population du pays.<\/p>\n","protected":false},"author":24,"featured_media":18865,"template":"","meta":{"inline_featured_image":false,"ngg_post_thumbnail":0,"_EventAllDay":false,"_EventTimezone":"","_EventStartDate":"","_EventEndDate":"","_EventStartDateUTC":"","_EventEndDateUTC":"","_EventShowMap":false,"_EventShowMapLink":false,"_EventURL":"","_EventCost":"","_EventCostDescription":"","_EventCurrencySymbol":"","_EventCurrencyCode":"","_EventCurrencyPosition":"","_EventDateTimeSeparator":"","_EventTimeRangeSeparator":"","_EventOrganizerID":[],"_EventVenueID":[],"_OrganizerEmail":"","_OrganizerPhone":"","_OrganizerWebsite":"","_VenueAddress":"","_VenueCity":"","_VenueCountry":"","_VenueProvince":"","_VenueState":"","_VenueZip":"","_VenuePhone":"","_VenueURL":"","_VenueStateProvince":"","_VenueLat":"","_VenueLng":"","_VenueShowMap":false,"_VenueShowMapLink":false},"categories":[152,33],"tags":[201,230],"class_list":["post-18308","awf-news","type-awf-news","status-publish","has-post-thumbnail","hentry","category-latin-america-fr","category-news-fr","tag-church-planting-fr","tag-uruguay-fr"],"_links":{"self":[{"href":"https:\/\/awf.world\/fr\/wp-json\/wp\/v2\/awf-news\/18308","targetHints":{"allow":["GET"]}}],"collection":[{"href":"https:\/\/awf.world\/fr\/wp-json\/wp\/v2\/awf-news"}],"about":[{"href":"https:\/\/awf.world\/fr\/wp-json\/wp\/v2\/types\/awf-news"}],"author":[{"embeddable":true,"href":"https:\/\/awf.world\/fr\/wp-json\/wp\/v2\/users\/24"}],"wp:featuredmedia":[{"embeddable":true,"href":"https:\/\/awf.world\/fr\/wp-json\/wp\/v2\/media\/18865"}],"wp:attachment":[{"href":"https:\/\/awf.world\/fr\/wp-json\/wp\/v2\/media?parent=18308"}],"wp:term":[{"taxonomy":"category","embeddable":true,"href":"https:\/\/awf.world\/fr\/wp-json\/wp\/v2\/categories?post=18308"},{"taxonomy":"post_tag","embeddable":true,"href":"https:\/\/awf.world\/fr\/wp-json\/wp\/v2\/tags?post=18308"}],"curies":[{"name":"wp","href":"https:\/\/api.w.org\/{rel}","templated":true}]}}