{"id":18301,"date":"2018-04-18T12:05:32","date_gmt":"2018-04-18T17:05:32","guid":{"rendered":"http:\/\/awf.world\/awf-news\/les-demandes-de-priere-de-la-region-awf-emerald-europe-et-moyen-orient\/"},"modified":"2018-04-19T14:30:31","modified_gmt":"2018-04-19T19:30:31","slug":"les-demandes-de-priere-de-la-region-awf-emerald-europe-et-moyen-orient","status":"publish","type":"awf-news","link":"https:\/\/awf.world\/fr\/awf-news\/les-demandes-de-priere-de-la-region-awf-emerald-europe-et-moyen-orient\/","title":{"rendered":"Les demandes de pri\u00e8re de la r\u00e9gion AWF EMERALD (Europe et Moyen-Orient)"},"content":{"rendered":"<p><img loading=\"lazy\" decoding=\"async\" class=\"aligncenter wp-image-18297 size-medium\" src=\"http:\/\/awf.world\/wp-content\/uploads\/2018\/04\/EMEA-9-300x200.png\" alt=\"\" width=\"300\" height=\"200\" \/><\/p>\n<h4 style=\"text-align: justify;\">Le Moyen-Orient est le berceau du christianisme, mais de nos jours, il est domin\u00e9 par la forte pr\u00e9sence des autres religions abrahamiques. L&rsquo;Europe est le berceau de l&rsquo;\u00c9glise occidentale, mais actuellement, c&rsquo;est une soci\u00e9t\u00e9 la\u00efque post-chr\u00e9tienne. Proclamer le Christ dans cette r\u00e9gion a \u00e9t\u00e9 un grand d\u00e9fi, mais les \u00e9glises de l&rsquo;Alliance sont sensibles aux occasions qui se pr\u00e9sentent. L&rsquo;un des plus importants est le ph\u00e9nom\u00e8ne de la diaspora qui touche des millions de personnes d\u00e9plac\u00e9es \u00e0 cause de la guerre et de probl\u00e8mes \u00e9conomiques et politiques. Comment faire face au probl\u00e8me et servir ces personnes sont de facteurs cl\u00e9 pour l&rsquo;\u00e9vang\u00e9lisation et l&rsquo;implantation d&rsquo;\u00e9glises dans cette r\u00e9gion. Je vous invite \u00e0 prier pour les demandes envoy\u00e9es par notre repr\u00e9sentant de la r\u00e9gion EMERALD (Europe et Moyen-Orient). Merci pour vos pri\u00e8res pour la famille AWF.<\/h4>\n<p>&nbsp;<\/p>\n<p><strong>EMERALD<\/strong><\/p>\n<ol>\n<li>La deuxi\u00e8me conf\u00e9rence du Minist\u00e8re de la Diaspora de l&rsquo;Alliance pour l&rsquo;Europe se tiendra en Espagne en avril. Veuillez prier pour ce minist\u00e8re essentiel dans le d\u00e9veloppement des \u00e9glises de l&rsquo;Alliance en Europe et d&rsquo;atteindre les perdus.<\/li>\n<li>Une \u00e9quipe de l&rsquo;Institut de Formation Reach (\u00c9glise de l&rsquo;Alliance de Salem) rend visite \u00e0 des travailleurs internationaux dans les pays europ\u00e9ens ce mois-ci pour discuter des possibilit\u00e9s de partenariat pour implanter des \u00e9glises internationales de langue anglaise en Espagne, en France et dans d&rsquo;autres pays europ\u00e9ens, et construire d&rsquo;autres minist\u00e8res de d\u00e9veloppement du leadership. Veuillez prier pour ce minist\u00e8re important.<\/li>\n<\/ol>\n<p><strong>ESPAGNE<\/strong><\/p>\n<ol>\n<li>Dr Ernie Klassen enseigne un cours intensif \u00e0 Barcelone sur \u00ab Histoire et la Pens\u00e9e de l&rsquo;Alliance \u00bb ce mois-ci. Priez pour Ernie et les \u00e9tudiants qui suivront ce cours de s\u00e9minaire.<\/li>\n<\/ol>\n<p><strong>GRANDE BRETAGNE<\/strong><\/p>\n<ol>\n<li>Le minist\u00e8re de l&rsquo;ALLIANCE MANCHESTER (TAM) se d\u00e9veloppe avec de nouveaux travailleurs venant de la famille de l\u2019Alliance World Fellowship. Cette croissance n\u00e9cessite le besoin de trouver un nouveau lieu. Philip Margesson et Juan-Carlos Parodi se rendront \u00e0 Lima, au P\u00e9rou, en avril pour rendre compte du minist\u00e8re \u00e0 Manchester et promouvoir les projets TAM aupr\u00e8s de partenaires actuels et potentiels. Veuillez prier pour que Dieu les prot\u00e8ge pendant leur d\u00e9placement et continue \u00e0 b\u00e9nir le minist\u00e8re du TAM.<\/li>\n<\/ol>\n<p><strong>TERRE SAINTE<\/strong><\/p>\n<ol>\n<li>Veuillez prier pour le minist\u00e8re du Dr Jack Sara et Bethlehem Bible College avec la prochaine conf\u00e9rence \u00ab Christ au Checkpoint \u00bb. La conf\u00e9rence s\u2019adresse \u00e0 une communaut\u00e9 de chr\u00e9tiens \u00e9vang\u00e9liques qui croient que suivre J\u00e9sus avec int\u00e9grit\u00e9 signifie que leurs vies sont form\u00e9es par leur amour pour Dieu, l&rsquo;enseignement de la Bible et une vie courageuse de disciple dans les complexit\u00e9s du conflit isra\u00e9lo-palestinien. Ils souhaitent trouver J\u00e9sus au centre de tout ce qu&rsquo;ils font, ce qui signifie trouver un amour courageux pour les Arabes palestiniens et les Juifs isra\u00e9liens.<\/li>\n<\/ol>\n<p><strong>JORDANIE<\/strong><\/p>\n<ol>\n<li>L&rsquo;\u00e9glise de l&rsquo;Alliance en Jordanie a \u00e9lu un nouveau pr\u00e9sident, le r\u00e9v\u00e9rend Bashar Nimat. Veuillez prier pour Bachar alors qu&rsquo;il entre dans ce nouveau r\u00f4le de leadership.<\/li>\n<\/ol>\n<p><strong>FRANCE<\/strong><\/p>\n<ol>\n<li>L&rsquo;\u00e9glise de l&rsquo;Alliance en France construit une nouvelle vision pour l&rsquo;avenir et vient de lancer un projet feuille de route parmi ses \u00e9glises pour d\u00e9velopper cette vision. Veuillez prier pour que Dieu apporte la clart\u00e9 et rapproche les \u00e9glises de l&rsquo;Alliance pour sa gloire.<\/li>\n<li>L&rsquo;\u00e9glise de l&rsquo;Alliance en France travaille avec la r\u00e9gion africaine de l&rsquo;AWF pour mettre en place un minist\u00e8re de la diaspora africaine en France avec le pasteur Jean Kra de la C &amp; MA C\u00f4te d&rsquo;Ivoire. Veuillez prier pour que les ressources puissent \u00eatre trouv\u00e9es pour soutenir cet important minist\u00e8re qui rapprochera les pays francophones de la famille de l&rsquo;Alliance.<\/li>\n<\/ol>\n<p><strong>ALLEMAGNE<\/strong><\/p>\n<ol>\n<li>Veuillez prier pour la direction de l&rsquo;\u00e9glise de l&rsquo;Alliance nationale allemande et pour leurs minist\u00e8res importants parmi les communaut\u00e9s de la diaspora.<\/li>\n<\/ol>\n","protected":false},"author":24,"featured_media":18298,"template":"","meta":{"inline_featured_image":false,"ngg_post_thumbnail":0,"_EventAllDay":false,"_EventTimezone":"","_EventStartDate":"","_EventEndDate":"","_EventStartDateUTC":"","_EventEndDateUTC":"","_EventShowMap":false,"_EventShowMapLink":false,"_EventURL":"","_EventCost":"","_EventCostDescription":"","_EventCurrencySymbol":"","_EventCurrencyCode":"","_EventCurrencyPosition":"","_EventDateTimeSeparator":"","_EventTimeRangeSeparator":"","_EventOrganizerID":[],"_EventVenueID":[],"_OrganizerEmail":"","_OrganizerPhone":"","_OrganizerWebsite":"","_VenueAddress":"","_VenueCity":"","_VenueCountry":"","_VenueProvince":"","_VenueState":"","_VenueZip":"","_VenuePhone":"","_VenueURL":"","_VenueStateProvince":"","_VenueLat":"","_VenueLng":"","_VenueShowMap":false,"_VenueShowMapLink":false},"categories":[145,33],"tags":[238,241,200,235,236,240,237,239],"class_list":["post-18301","awf-news","type-awf-news","status-publish","has-post-thumbnail","hentry","category-europe-middle-east","category-news-fr","tag-allemagne","tag-demande-de-priere","tag-emerald-fr","tag-espagne","tag-france-fr","tag-grande-bretagne","tag-jordanie","tag-terre-sainte"],"_links":{"self":[{"href":"https:\/\/awf.world\/fr\/wp-json\/wp\/v2\/awf-news\/18301","targetHints":{"allow":["GET"]}}],"collection":[{"href":"https:\/\/awf.world\/fr\/wp-json\/wp\/v2\/awf-news"}],"about":[{"href":"https:\/\/awf.world\/fr\/wp-json\/wp\/v2\/types\/awf-news"}],"author":[{"embeddable":true,"href":"https:\/\/awf.world\/fr\/wp-json\/wp\/v2\/users\/24"}],"wp:featuredmedia":[{"embeddable":true,"href":"https:\/\/awf.world\/fr\/wp-json\/wp\/v2\/media\/18298"}],"wp:attachment":[{"href":"https:\/\/awf.world\/fr\/wp-json\/wp\/v2\/media?parent=18301"}],"wp:term":[{"taxonomy":"category","embeddable":true,"href":"https:\/\/awf.world\/fr\/wp-json\/wp\/v2\/categories?post=18301"},{"taxonomy":"post_tag","embeddable":true,"href":"https:\/\/awf.world\/fr\/wp-json\/wp\/v2\/tags?post=18301"}],"curies":[{"name":"wp","href":"https:\/\/api.w.org\/{rel}","templated":true}]}}