{"id":18215,"date":"2018-03-30T12:13:46","date_gmt":"2018-03-30T17:13:46","guid":{"rendered":"http:\/\/awf.world\/awf-news\/la-region-latino-americaine-progresse-dans-les-missions-et-leducation-theologique\/"},"modified":"2018-04-02T13:58:21","modified_gmt":"2018-04-02T18:58:21","slug":"la-region-latino-americaine-progresse-dans-les-missions-et-leducation-theologique","status":"publish","type":"awf-news","link":"https:\/\/awf.world\/fr\/awf-news\/la-region-latino-americaine-progresse-dans-les-missions-et-leducation-theologique\/","title":{"rendered":"La R\u00e9gion Latino-Am\u00e9ricaine progresse dans les Missions et l&rsquo;\u00c9ducation Th\u00e9ologique"},"content":{"rendered":"<p>&nbsp;<\/p>\n<p>Planter des \u00e9glises enracin\u00e9es dans la Bible, \u00e9largir la vision missionnaire et former les pasteurs avec une forte perspective de l&rsquo;Alliance sont des th\u00e8mes centraux du minist\u00e8re de la R\u00e9gion Am\u00e9rique Latine. Le R\u00e9v\u00e9rend David Muthre et son \u00e9quipe ont conduit la r\u00e9gion \u00e0 atteindre ces objectifs.<\/p>\n<p>Le CRC (Comit\u00e9 R\u00e9gional de Coordination) de la CLA (R\u00e9gion Am\u00e9rique Latine de l&rsquo;AWF) s&rsquo;est r\u00e9unie \u00e0 Rivera, Uruguay du 20 au 23 mars 2018 pour rechercher les conseils de Dieu et travailler sur diverses initiatives de la r\u00e9gion. \u00a0L&rsquo;un d&rsquo;entre eux est la planification de la Conf\u00e9rence R\u00e9gionale de la CLA qui aura lieu \u00e0 Mar del Plata, en Argentine, du 24 au 28 septembre 2018. Concernant les initiatives dans les missions, l&rsquo;engagement de CLA dans les projets missionnaires au Portugal, en Inde-Asie, en Italie et au Panama a \u00e9t\u00e9 r\u00e9affirm\u00e9 et une nouvelle initiative en Espagne a \u00e9t\u00e9 approuv\u00e9e. Le besoin d&rsquo;un cours de doctorat offert dans la r\u00e9gion par une institution de l&rsquo;Alliance a \u00e9galement \u00e9t\u00e9 discut\u00e9 et des initiatives ont \u00e9t\u00e9 prises pour que cela se fasse le plus rapidement possible.<\/p>\n","protected":false},"author":24,"featured_media":18213,"template":"","meta":{"inline_featured_image":false,"ngg_post_thumbnail":0,"_EventAllDay":false,"_EventTimezone":"","_EventStartDate":"","_EventEndDate":"","_EventStartDateUTC":"","_EventEndDateUTC":"","_EventShowMap":false,"_EventShowMapLink":false,"_EventURL":"","_EventCost":"","_EventCostDescription":"","_EventCurrencySymbol":"","_EventCurrencyCode":"","_EventCurrencyPosition":"","_EventDateTimeSeparator":"","_EventTimeRangeSeparator":"","_EventOrganizerID":[],"_EventVenueID":[],"_OrganizerEmail":"","_OrganizerPhone":"","_OrganizerWebsite":"","_VenueAddress":"","_VenueCity":"","_VenueCountry":"","_VenueProvince":"","_VenueState":"","_VenueZip":"","_VenuePhone":"","_VenueURL":"","_VenueStateProvince":"","_VenueLat":"","_VenueLng":"","_VenueShowMap":false,"_VenueShowMapLink":false},"categories":[],"tags":[],"class_list":["post-18215","awf-news","type-awf-news","status-publish","has-post-thumbnail","hentry"],"_links":{"self":[{"href":"https:\/\/awf.world\/fr\/wp-json\/wp\/v2\/awf-news\/18215","targetHints":{"allow":["GET"]}}],"collection":[{"href":"https:\/\/awf.world\/fr\/wp-json\/wp\/v2\/awf-news"}],"about":[{"href":"https:\/\/awf.world\/fr\/wp-json\/wp\/v2\/types\/awf-news"}],"author":[{"embeddable":true,"href":"https:\/\/awf.world\/fr\/wp-json\/wp\/v2\/users\/24"}],"wp:featuredmedia":[{"embeddable":true,"href":"https:\/\/awf.world\/fr\/wp-json\/wp\/v2\/media\/18213"}],"wp:attachment":[{"href":"https:\/\/awf.world\/fr\/wp-json\/wp\/v2\/media?parent=18215"}],"wp:term":[{"taxonomy":"category","embeddable":true,"href":"https:\/\/awf.world\/fr\/wp-json\/wp\/v2\/categories?post=18215"},{"taxonomy":"post_tag","embeddable":true,"href":"https:\/\/awf.world\/fr\/wp-json\/wp\/v2\/tags?post=18215"}],"curies":[{"name":"wp","href":"https:\/\/api.w.org\/{rel}","templated":true}]}}