{"id":18090,"date":"2018-03-23T14:44:03","date_gmt":"2018-03-23T19:44:03","guid":{"rendered":"http:\/\/awf.world\/awf-news\/demandes-de-priere-de-lawf-apac-region-asie-pacifique-philippines\/"},"modified":"2018-03-23T14:56:31","modified_gmt":"2018-03-23T19:56:31","slug":"demandes-de-priere-de-lawf-apac-region-asie-pacifique-philippines","status":"publish","type":"awf-news","link":"https:\/\/awf.world\/fr\/awf-news\/demandes-de-priere-de-lawf-apac-region-asie-pacifique-philippines\/","title":{"rendered":"Demandes de pri\u00e8re de l&rsquo;AWF-APAC (R\u00e9gion Asie-Pacifique) &#8211; Philippines"},"content":{"rendered":"<p><img loading=\"lazy\" decoding=\"async\" class=\"aligncenter size-full wp-image-18087\" src=\"http:\/\/awf.world\/wp-content\/uploads\/2018\/03\/Philippines-Manila-Getty-Images.jpg\" alt=\"\" width=\"612\" height=\"408\" srcset=\"https:\/\/awf.world\/wp-content\/uploads\/2018\/03\/Philippines-Manila-Getty-Images.jpg 612w, https:\/\/awf.world\/wp-content\/uploads\/2018\/03\/Philippines-Manila-Getty-Images-300x200.jpg 300w, https:\/\/awf.world\/wp-content\/uploads\/2018\/03\/Philippines-Manila-Getty-Images-578x385.jpg 578w, https:\/\/awf.world\/wp-content\/uploads\/2018\/03\/Philippines-Manila-Getty-Images-285x190.jpg 285w, https:\/\/awf.world\/wp-content\/uploads\/2018\/03\/Philippines-Manila-Getty-Images-272x182.jpg 272w\" sizes=\"auto, (max-width: 612px) 100vw, 612px\" \/><\/p>\n<h5 style=\"text-align: center;\"><em>Manila Skyline (Getty Images)<\/em><\/h5>\n<p>Prier avec nous pour la prochaine conf\u00e9rence r\u00e9gionale de l&rsquo;APAC 2018 \u00e0 Manille, aux Philippines, du 16 au 20 octobre 2018. Nous ciblons un nombre de 250-300 d\u00e9l\u00e9gu\u00e9s de 13 pays de l&rsquo;APAC. Priez pour que nos dirigeants puissent mobiliser leurs dirigeants d&rsquo;\u00e9glises nationales pour qu&rsquo;ils participent \u00e0 cet \u00e9v\u00e9nement.<\/p>\n","protected":false},"author":24,"featured_media":18180,"template":"","meta":{"inline_featured_image":false,"ngg_post_thumbnail":0,"_EventAllDay":false,"_EventTimezone":"","_EventStartDate":"","_EventEndDate":"","_EventStartDateUTC":"","_EventEndDateUTC":"","_EventShowMap":false,"_EventShowMapLink":false,"_EventURL":"","_EventCost":"","_EventCostDescription":"","_EventCurrencySymbol":"","_EventCurrencyCode":"","_EventCurrencyPosition":"","_EventDateTimeSeparator":"","_EventTimeRangeSeparator":"","_EventOrganizerID":[],"_EventVenueID":[],"_OrganizerEmail":"","_OrganizerPhone":"","_OrganizerWebsite":"","_VenueAddress":"","_VenueCity":"","_VenueCountry":"","_VenueProvince":"","_VenueState":"","_VenueZip":"","_VenuePhone":"","_VenueURL":"","_VenueStateProvince":"","_VenueLat":"","_VenueLng":"","_VenueShowMap":false,"_VenueShowMapLink":false},"categories":[],"tags":[],"class_list":["post-18090","awf-news","type-awf-news","status-publish","has-post-thumbnail","hentry"],"_links":{"self":[{"href":"https:\/\/awf.world\/fr\/wp-json\/wp\/v2\/awf-news\/18090","targetHints":{"allow":["GET"]}}],"collection":[{"href":"https:\/\/awf.world\/fr\/wp-json\/wp\/v2\/awf-news"}],"about":[{"href":"https:\/\/awf.world\/fr\/wp-json\/wp\/v2\/types\/awf-news"}],"author":[{"embeddable":true,"href":"https:\/\/awf.world\/fr\/wp-json\/wp\/v2\/users\/24"}],"wp:featuredmedia":[{"embeddable":true,"href":"https:\/\/awf.world\/fr\/wp-json\/wp\/v2\/media\/18180"}],"wp:attachment":[{"href":"https:\/\/awf.world\/fr\/wp-json\/wp\/v2\/media?parent=18090"}],"wp:term":[{"taxonomy":"category","embeddable":true,"href":"https:\/\/awf.world\/fr\/wp-json\/wp\/v2\/categories?post=18090"},{"taxonomy":"post_tag","embeddable":true,"href":"https:\/\/awf.world\/fr\/wp-json\/wp\/v2\/tags?post=18090"}],"curies":[{"name":"wp","href":"https:\/\/api.w.org\/{rel}","templated":true}]}}