{"id":17980,"date":"2018-02-20T14:59:48","date_gmt":"2018-02-20T19:59:48","guid":{"rendered":"http:\/\/awf.world\/awf-news\/awf-asia-pacific-prayers\/"},"modified":"2018-04-24T14:55:28","modified_gmt":"2018-04-24T19:55:28","slug":"awf-asia-pacific-prayers","status":"publish","type":"awf-news","link":"https:\/\/awf.world\/fr\/awf-news\/awf-asia-pacific-prayers\/","title":{"rendered":"Demandes de Pri\u00e8re et d&rsquo;autres Informations de la R\u00e9gion AWF APAC (Asie-Pacifique)"},"content":{"rendered":"<p><img loading=\"lazy\" decoding=\"async\" class=\"alignnone size-full wp-image-17801\" src=\"http:\/\/awf.world\/wp-content\/uploads\/2018\/02\/image1.jpg\" alt=\"\" width=\"1600\" height=\"400\" srcset=\"https:\/\/awf.world\/wp-content\/uploads\/2018\/02\/image1.jpg 1600w, https:\/\/awf.world\/wp-content\/uploads\/2018\/02\/image1-300x75.jpg 300w, https:\/\/awf.world\/wp-content\/uploads\/2018\/02\/image1-768x192.jpg 768w, https:\/\/awf.world\/wp-content\/uploads\/2018\/02\/image1-1024x256.jpg 1024w, https:\/\/awf.world\/wp-content\/uploads\/2018\/02\/image1-800x200.jpg 800w, https:\/\/awf.world\/wp-content\/uploads\/2018\/02\/image1-285x71.jpg 285w\" sizes=\"auto, (max-width: 1600px) 100vw, 1600px\" \/><\/p>\n<p>Pri\u00e8res de l&rsquo;AWF est un nouveau canal de communication pour la famille AWF pour partager des demandes de pri\u00e8re. S&rsquo;il vous pla\u00eet, lisez attentivement et priez pour les demandes envoy\u00e9es par le R\u00e9v. Roland Lumawag, le Coordinateur R\u00e9gional DE l\u2019AWF-APAC (Asie Pacifique). Je vous demande aussi de prier pour les pr\u00e9sidents et les dirigeants des Eglises d&rsquo;Alliance d&rsquo;Am\u00e9rique centrale qui se r\u00e9unissent \u00e0 San Salvador cette semaine (du 20 au 22 f\u00e9vrier). Le R\u00e9v\u00e9rend David Muthre, C<span class=\"text_exposed_show\">oordinateur R\u00e9gional de l&rsquo;AWF-CLA (Am\u00e9rique Latine), et moi-m\u00eame participerons \u00e0 cette r\u00e9union. Merci pour vos pri\u00e8res pour la famille AWF.<\/span><\/p>\n<p>B\u00e9n\u00e9dictions<\/p>\n<p>Jura Yanagihara<\/p>\n<div class=\"text_exposed_show\">\n<p>Pr\u00e9sident<\/p>\n<hr \/>\n<p>&nbsp;<\/p>\n<p><strong>Demandes de Pri\u00e8re et d&rsquo;autres Informations de la R\u00e9gion AWF APAC (Asie-Pacifique)<\/strong><\/p>\n<p>&nbsp;<\/p>\n<p>1. Priez pour la prochaine conf\u00e9rence annuelle de la C&amp;MA de la Tha\u00eflande les 28 et 30 mars 2018. Il y aura une \u00e9lection pour un nouveau pr\u00e9sident et des membres du comit\u00e9.<br \/>\n2. Priez pour le Conseil g\u00e9n\u00e9ral de la C&amp;MA Myanmar qui aura lieu aussi du 1er au 4 mars 2018. L&rsquo;\u00e9lection de nouveaux dirigeants du Conseil g\u00e9n\u00e9ral se fera \u00e9galement au cours de cette r\u00e9union du Conseil.<br \/>\n3. S&rsquo;il vous pla\u00eet, continuez \u00e0 prier pour la pr\u00e9paration du couple missionnaire vietnamien en Tha\u00eflande. Pour la sagesse et la direction de Dieu dans le traitement du visa. Pour la fourniture financi\u00e8re et le bien-\u00eatre physique. Si Dieu le veut, ils partiront pour la Tha\u00eflande en avril.<br \/>\n4. L&rsquo;\u00c9glise de l&rsquo;Union de l&rsquo;Alliance de Taiwan a un nouveau pr\u00e9sident dans la personne du r\u00e9v\u00e9rend Andy Chi. S&rsquo;il vous pla\u00eet, soutenez-le dans vos pri\u00e8res.<br \/>\n5. La conf\u00e9rence r\u00e9gionale de l&rsquo;APAC se tiendra \u00e0 Manille, aux Philippines, du 16 au 20 octobre 2018. Vous serez mis au courant du lieu d&rsquo;h\u00e9bergement, de l&rsquo;inscription et d&rsquo;autres d\u00e9tails plus t\u00f4t ! Veuillez l&rsquo;inclure dans vos pri\u00e8res. Nos principaux conf\u00e9renciers sont le r\u00e9v\u00e9rend David Hearn et le r\u00e9v\u00e9rend Jura Yanagihara.<br \/>\n6. Le Synode du Gujerat a officiellement \u00e9lu son nouveau pr\u00e9sident dans la personne du R\u00e9v\u00e9rend Solomon Christian le 22 d\u00e9cembre 2017 en pr\u00e9sence du Commissaire Charit\u00e9 du Gujerat. Priez pour son leadership et l&rsquo;onction de Dieu sur sa vie.<br \/>\n7. S&rsquo;il vous pla\u00eet, priez pour le plan d&rsquo;organiser un voyage de vision conjointe entre les dirigeants de l&rsquo;\u00c9glise \u00c9vang\u00e9lique Khm\u00e8re et les dirigeants de Tha\u00eflande C&amp;MA en Tha\u00eflande au d\u00e9but d&rsquo;avril.<\/p>\n<hr \/>\n<p>Vous pouvez faire un don au minist\u00e8re de la AWF par\u00a0<a href=\"https:\/\/awf.world\/fr\/donner\/\" target=\"_blank\" rel=\"noopener nofollow\" data-ft=\"{&quot;tn&quot;:&quot;-U&quot;}\" data-lynx-mode=\"asynclazy\" data-lynx-uri=\"https:\/\/l.facebook.com\/l.php?u=http%3A%2F%2Fwww.awf.world%2Fgive&amp;h=ATNFuANWlv7_S1eDsPubCZeMNdAkBc-sjuanlyodjhFmrB0cWcloXqwf1xY2POQijppgwVeUxq7b0yQHQI9GRXkoxNnQbjxXB0KLINjVvOncN_Y3WxBoSZqkAVTUrso1wTkX7Aw\">http:\/\/awf.world\/fr\/donner\/<\/a><\/p>\n<\/div>\n","protected":false},"author":15,"featured_media":18063,"template":"","meta":{"inline_featured_image":false,"ngg_post_thumbnail":0,"_EventAllDay":false,"_EventTimezone":"","_EventStartDate":"","_EventEndDate":"","_EventStartDateUTC":"","_EventEndDateUTC":"","_EventShowMap":false,"_EventShowMapLink":false,"_EventURL":"","_EventCost":"","_EventCostDescription":"","_EventCurrencySymbol":"","_EventCurrencyCode":"","_EventCurrencyPosition":"","_EventDateTimeSeparator":"","_EventTimeRangeSeparator":"","_EventOrganizerID":[],"_EventVenueID":[],"_OrganizerEmail":"","_OrganizerPhone":"","_OrganizerWebsite":"","_VenueAddress":"","_VenueCity":"","_VenueCountry":"","_VenueProvince":"","_VenueState":"","_VenueZip":"","_VenuePhone":"","_VenueURL":"","_VenueStateProvince":"","_VenueLat":"","_VenueLng":"","_VenueShowMap":false,"_VenueShowMapLink":false},"categories":[150,33],"tags":[196,241,260],"class_list":["post-17980","awf-news","type-awf-news","status-publish","has-post-thumbnail","hentry","category-asia-pacific","category-news-fr","tag-apac-fr","tag-demande-de-priere","tag-inde"],"_links":{"self":[{"href":"https:\/\/awf.world\/fr\/wp-json\/wp\/v2\/awf-news\/17980","targetHints":{"allow":["GET"]}}],"collection":[{"href":"https:\/\/awf.world\/fr\/wp-json\/wp\/v2\/awf-news"}],"about":[{"href":"https:\/\/awf.world\/fr\/wp-json\/wp\/v2\/types\/awf-news"}],"author":[{"embeddable":true,"href":"https:\/\/awf.world\/fr\/wp-json\/wp\/v2\/users\/15"}],"wp:featuredmedia":[{"embeddable":true,"href":"https:\/\/awf.world\/fr\/wp-json\/wp\/v2\/media\/18063"}],"wp:attachment":[{"href":"https:\/\/awf.world\/fr\/wp-json\/wp\/v2\/media?parent=17980"}],"wp:term":[{"taxonomy":"category","embeddable":true,"href":"https:\/\/awf.world\/fr\/wp-json\/wp\/v2\/categories?post=17980"},{"taxonomy":"post_tag","embeddable":true,"href":"https:\/\/awf.world\/fr\/wp-json\/wp\/v2\/tags?post=17980"}],"curies":[{"name":"wp","href":"https:\/\/api.w.org\/{rel}","templated":true}]}}