{"id":5520,"date":"2014-09-02T02:00:52","date_gmt":"2014-09-02T05:00:52","guid":{"rendered":"http:\/\/awf.world\/robo-en-el-seminario-teologico-en-costa-de-marfil\/"},"modified":"2022-10-31T14:14:26","modified_gmt":"2022-10-31T17:14:26","slug":"robo-en-el-seminario-teologico-en-costa-de-marfil","status":"publish","type":"post","link":"https:\/\/awf.world\/es\/robo-en-el-seminario-teologico-en-costa-de-marfil\/","title":{"rendered":"Robo en el Seminario Teol\u00f3gico en Costa de Marfil"},"content":{"rendered":"<p>Doce oficinas de la Escuela de Teolog\u00eda de la Alianza (FATEAC) en Costa de Marfil fueron asaltadas. Se llevaron las computadoras instaladas recientemente que conten\u00edan el software para el nuevo sistema financiero. Tambi\u00e9n se llevaron los tel\u00e9fonos celulares y otros art\u00edculos personales. Esto es tremendamente desalentador al comienzo de un nuevo a\u00f1o acad\u00e9mico. Sin embargo, podemos estar agradecidos de que nadie estaba f\u00edsicamente presente cuando el robo se llev\u00f3 a cabo y por lo tanto no hubo heridos. Oremos para que Dios tome lo que el hombre hace malintencionadamente y traiga el bien de todo esto. (Del bolet\u00edn de Laura Livingston)<\/p>\n<p>FATEAC prepara l\u00edderes para las iglesias de la Alianza en \u00c1frica Occidental. El Rector es el Dr. Issiaka Coulibaly, quien tambi\u00e9n es miembro de la Comisi\u00f3n Internacional de la CMA en Educaci\u00f3n Teol\u00f3gica.<\/p>\n","protected":false},"excerpt":{"rendered":"<p>Doce oficinas de la Escuela de Teolog\u00eda de la Alianza (FATEAC) en Costa de Marfil fueron asaltadas. Se llevaron las computadoras instaladas recientemente que conten\u00edan&hellip;<\/p>\n","protected":false},"author":3,"featured_media":17720,"comment_status":"closed","ping_status":"closed","sticky":false,"template":"","format":"standard","meta":{"inline_featured_image":false,"ngg_post_thumbnail":0,"_EventAllDay":false,"_EventTimezone":"","_EventStartDate":"","_EventEndDate":"","_EventStartDateUTC":"","_EventEndDateUTC":"","_EventShowMap":false,"_EventShowMapLink":false,"_EventURL":"","_EventCost":"","_EventCostDescription":"","_EventCurrencySymbol":"","_EventCurrencyCode":"","_EventCurrencyPosition":"","_EventDateTimeSeparator":"","_EventTimeRangeSeparator":"","_EventOrganizerID":[],"_EventVenueID":[],"_OrganizerEmail":"","_OrganizerPhone":"","_OrganizerWebsite":"","_VenueAddress":"","_VenueCity":"","_VenueCountry":"","_VenueProvince":"","_VenueState":"","_VenueZip":"","_VenuePhone":"","_VenueURL":"","_VenueStateProvince":"","_VenueLat":"","_VenueLng":"","_VenueShowMap":false,"_VenueShowMapLink":false,"footnotes":""},"categories":[34,955],"tags":[],"class_list":["post-5520","post","type-post","status-publish","format-standard","has-post-thumbnail","hentry","category-news-es","category-socorro-desarrollo"],"jetpack_featured_media_url":"https:\/\/awf.world\/wp-content\/uploads\/2012\/12\/21-01.jpg","_links":{"self":[{"href":"https:\/\/awf.world\/es\/wp-json\/wp\/v2\/posts\/5520","targetHints":{"allow":["GET"]}}],"collection":[{"href":"https:\/\/awf.world\/es\/wp-json\/wp\/v2\/posts"}],"about":[{"href":"https:\/\/awf.world\/es\/wp-json\/wp\/v2\/types\/post"}],"author":[{"embeddable":true,"href":"https:\/\/awf.world\/es\/wp-json\/wp\/v2\/users\/3"}],"replies":[{"embeddable":true,"href":"https:\/\/awf.world\/es\/wp-json\/wp\/v2\/comments?post=5520"}],"version-history":[{"count":0,"href":"https:\/\/awf.world\/es\/wp-json\/wp\/v2\/posts\/5520\/revisions"}],"wp:featuredmedia":[{"embeddable":true,"href":"https:\/\/awf.world\/es\/wp-json\/wp\/v2\/media\/17720"}],"wp:attachment":[{"href":"https:\/\/awf.world\/es\/wp-json\/wp\/v2\/media?parent=5520"}],"wp:term":[{"taxonomy":"category","embeddable":true,"href":"https:\/\/awf.world\/es\/wp-json\/wp\/v2\/categories?post=5520"},{"taxonomy":"post_tag","embeddable":true,"href":"https:\/\/awf.world\/es\/wp-json\/wp\/v2\/tags?post=5520"}],"curies":[{"name":"wp","href":"https:\/\/api.w.org\/{rel}","templated":true}]}}