{"id":3347,"date":"2012-12-22T22:46:46","date_gmt":"2012-12-23T03:46:46","guid":{"rendered":"http:\/\/awf.world\/diversidad-de-ministerios-y-una-peticion-urgente-de-oracion\/"},"modified":"2018-02-28T15:41:27","modified_gmt":"2018-02-28T20:41:27","slug":"diversidad-de-ministerios-y-una-peticion-urgente-de-oracion","status":"publish","type":"post","link":"https:\/\/awf.world\/es\/diversidad-de-ministerios-y-una-peticion-urgente-de-oracion\/","title":{"rendered":"Diversidad de Ministerios y una petici\u00f3n urgente de oraci\u00f3n"},"content":{"rendered":"<p>Juan Carlos Parodi y su esposa Gale (Per\u00fa y EE.UU.) est\u00e1n involucrados en una variedad de ministerios en Manchester (Reino Unido): La Fraternidad Cristiana Internacional para estudiantes universitarios, Cursos de ingl\u00e9s para los inmigrantes y los llamados Grupos de Vida para Farsi , portugu\u00e9s e hispanohablantes . El Se\u00f1or est\u00e1 bendiciendo y la gente viene a Cristo. Pero Gale est\u00e1 gravemente enferma y necesita tu oraci\u00f3n. Ella est\u00e1 en un estado semi inconsciente y el pron\u00f3stico es pobre&nbsp;en las palabras de Juan Carlos. \u00c9l pide que oremos para que el Se\u00f1or se glorifique. Oren tambi\u00e9n por sus hijas Sarah y Elizabeth.<\/p>\n<p>Oremos tambi\u00e9n por m\u00e1s obreros. Juan: \u201cHemos encontrado muchas oportunidades para compartir el evangelio con tanta gente pero nuestra capacidad humana es tan limitada. No queremos pasar por alto las oportunidades disponibles para nosotros. Definitivamente necesitamos j\u00f3venes adultos o una pareja joven para ministrar entre los estudiantes internacionales a tiempo completo. Tambi\u00e9n necesitamos un par de hablantes nativos de Ingl\u00e9s a unirse a nuestro equipo pastoral para compartir las ense\u00f1anzas de la Palabra y la tutor\u00eda de j\u00f3venes l\u00edderes\u201d.<\/p>\n","protected":false},"excerpt":{"rendered":"<p>Juan Carlos Parodi y su esposa Gale (Per\u00fa y EE.UU.) est\u00e1n involucrados en una variedad de ministerios en Manchester (Reino Unido): La Fraternidad Cristiana Internacional&hellip;<\/p>\n","protected":false},"author":3,"featured_media":17666,"comment_status":"closed","ping_status":"closed","sticky":false,"template":"","format":"standard","meta":{"inline_featured_image":false,"ngg_post_thumbnail":0,"_EventAllDay":false,"_EventTimezone":"","_EventStartDate":"","_EventEndDate":"","_EventStartDateUTC":"","_EventEndDateUTC":"","_EventShowMap":false,"_EventShowMapLink":false,"_EventURL":"","_EventCost":"","_EventCostDescription":"","_EventCurrencySymbol":"","_EventCurrencyCode":"","_EventCurrencyPosition":"","_EventDateTimeSeparator":"","_EventTimeRangeSeparator":"","_EventOrganizerID":[],"_EventVenueID":[],"_OrganizerEmail":"","_OrganizerPhone":"","_OrganizerWebsite":"","_VenueAddress":"","_VenueCity":"","_VenueCountry":"","_VenueProvince":"","_VenueState":"","_VenueZip":"","_VenuePhone":"","_VenueURL":"","_VenueStateProvince":"","_VenueLat":"","_VenueLng":"","_VenueShowMap":false,"_VenueShowMapLink":false,"footnotes":""},"categories":[34],"tags":[],"class_list":["post-3347","post","type-post","status-publish","format-standard","has-post-thumbnail","hentry","category-news-es"],"jetpack_featured_media_url":"https:\/\/awf.world\/wp-content\/uploads\/2012\/12\/55-01.jpg","_links":{"self":[{"href":"https:\/\/awf.world\/es\/wp-json\/wp\/v2\/posts\/3347","targetHints":{"allow":["GET"]}}],"collection":[{"href":"https:\/\/awf.world\/es\/wp-json\/wp\/v2\/posts"}],"about":[{"href":"https:\/\/awf.world\/es\/wp-json\/wp\/v2\/types\/post"}],"author":[{"embeddable":true,"href":"https:\/\/awf.world\/es\/wp-json\/wp\/v2\/users\/3"}],"replies":[{"embeddable":true,"href":"https:\/\/awf.world\/es\/wp-json\/wp\/v2\/comments?post=3347"}],"version-history":[{"count":0,"href":"https:\/\/awf.world\/es\/wp-json\/wp\/v2\/posts\/3347\/revisions"}],"wp:featuredmedia":[{"embeddable":true,"href":"https:\/\/awf.world\/es\/wp-json\/wp\/v2\/media\/17666"}],"wp:attachment":[{"href":"https:\/\/awf.world\/es\/wp-json\/wp\/v2\/media?parent=3347"}],"wp:term":[{"taxonomy":"category","embeddable":true,"href":"https:\/\/awf.world\/es\/wp-json\/wp\/v2\/categories?post=3347"},{"taxonomy":"post_tag","embeddable":true,"href":"https:\/\/awf.world\/es\/wp-json\/wp\/v2\/tags?post=3347"}],"curies":[{"name":"wp","href":"https:\/\/api.w.org\/{rel}","templated":true}]}}