{"id":3038,"date":"2013-07-25T12:00:02","date_gmt":"2013-07-25T17:00:02","guid":{"rendered":"http:\/\/awf.world\/la-gracia-ilustrada-en-libano-2\/"},"modified":"2018-02-28T15:27:25","modified_gmt":"2018-02-28T20:27:25","slug":"la-gracia-ilustrada-en-libano-2","status":"publish","type":"post","link":"https:\/\/awf.world\/es\/la-gracia-ilustrada-en-libano-2\/","title":{"rendered":"La Gracia ilustrada en L\u00edbano"},"content":{"rendered":"<p>George y Elias comenzaron su ministerio de tiempo completo con los refugiados el primero de julio. Una semana despu\u00e9s recibieron una llamada telef\u00f3nica de uno de los refugiados que fue atropellado por un veh\u00edculo y lo llevaron al hospital. Necesitaba una operaci\u00f3n de inmediato pero primero ten\u00edan que pagar, de otro modo no ser\u00eda tratado. La Iglesia local de la Alianza respondi\u00f3; provey\u00f3 el dinero y or\u00f3 en el nombre de Jes\u00fas antes de la operaci\u00f3n. La esposa de la v\u00edctima dijo: En toda nuestra vida no olvidaremos lo que hicieron por nosotros, siempre estaremos en deuda con ustedes. EL Pastor Charbel respondi\u00f3: \u00abUsted no nos debe nada, pero gracias a Jes\u00fas porque es todo de \u00c9l\u00bb. La Iglesia cuenta con el apoyo de la familia CMA (AWF) para poder compartir la gracia de Dios con los refugiados en Beirut y en otros lugares. Usted puede apoyar a este ministerio (para m\u00e1s detalles ver la p\u00e1gina de contacto).<\/p>\n","protected":false},"excerpt":{"rendered":"<p>George y Elias comenzaron su ministerio de tiempo completo con los refugiados el primero de julio. Una semana despu\u00e9s recibieron una llamada telef\u00f3nica de uno&hellip;<\/p>\n","protected":false},"author":3,"featured_media":17628,"comment_status":"closed","ping_status":"closed","sticky":false,"template":"","format":"standard","meta":{"inline_featured_image":false,"ngg_post_thumbnail":0,"_EventAllDay":false,"_EventTimezone":"","_EventStartDate":"","_EventEndDate":"","_EventStartDateUTC":"","_EventEndDateUTC":"","_EventShowMap":false,"_EventShowMapLink":false,"_EventURL":"","_EventCost":"","_EventCostDescription":"","_EventCurrencySymbol":"","_EventCurrencyCode":"","_EventCurrencyPosition":"","_EventDateTimeSeparator":"","_EventTimeRangeSeparator":"","_EventOrganizerID":[],"_EventVenueID":[],"_OrganizerEmail":"","_OrganizerPhone":"","_OrganizerWebsite":"","_VenueAddress":"","_VenueCity":"","_VenueCountry":"","_VenueProvince":"","_VenueState":"","_VenueZip":"","_VenuePhone":"","_VenueURL":"","_VenueStateProvince":"","_VenueLat":"","_VenueLng":"","_VenueShowMap":false,"_VenueShowMapLink":false,"footnotes":""},"categories":[34],"tags":[],"class_list":["post-3038","post","type-post","status-publish","format-standard","has-post-thumbnail","hentry","category-news-es"],"jetpack_featured_media_url":"https:\/\/awf.world\/wp-content\/uploads\/2012\/12\/37-01.jpg","_links":{"self":[{"href":"https:\/\/awf.world\/es\/wp-json\/wp\/v2\/posts\/3038","targetHints":{"allow":["GET"]}}],"collection":[{"href":"https:\/\/awf.world\/es\/wp-json\/wp\/v2\/posts"}],"about":[{"href":"https:\/\/awf.world\/es\/wp-json\/wp\/v2\/types\/post"}],"author":[{"embeddable":true,"href":"https:\/\/awf.world\/es\/wp-json\/wp\/v2\/users\/3"}],"replies":[{"embeddable":true,"href":"https:\/\/awf.world\/es\/wp-json\/wp\/v2\/comments?post=3038"}],"version-history":[{"count":0,"href":"https:\/\/awf.world\/es\/wp-json\/wp\/v2\/posts\/3038\/revisions"}],"wp:featuredmedia":[{"embeddable":true,"href":"https:\/\/awf.world\/es\/wp-json\/wp\/v2\/media\/17628"}],"wp:attachment":[{"href":"https:\/\/awf.world\/es\/wp-json\/wp\/v2\/media?parent=3038"}],"wp:term":[{"taxonomy":"category","embeddable":true,"href":"https:\/\/awf.world\/es\/wp-json\/wp\/v2\/categories?post=3038"},{"taxonomy":"post_tag","embeddable":true,"href":"https:\/\/awf.world\/es\/wp-json\/wp\/v2\/tags?post=3038"}],"curies":[{"name":"wp","href":"https:\/\/api.w.org\/{rel}","templated":true}]}}