{"id":3028,"date":"2013-08-21T18:19:22","date_gmt":"2013-08-21T23:19:22","guid":{"rendered":"http:\/\/awf.world\/la-iglesia-alianza-del-congo-ora-senor-llenanos-de-tu-amor-2\/"},"modified":"2018-02-28T15:26:16","modified_gmt":"2018-02-28T20:26:16","slug":"la-iglesia-alianza-del-congo-ora-senor-llenanos-de-tu-amor-2","status":"publish","type":"post","link":"https:\/\/awf.world\/es\/la-iglesia-alianza-del-congo-ora-senor-llenanos-de-tu-amor-2\/","title":{"rendered":"La Iglesia Alianza del Congo ora: Se\u00f1or, ll\u00e9nanos de tu amor!"},"content":{"rendered":"<p>M\u00e1s de 3.000 participantes se reunieron para el servicio dominical al final de la Asamblea General de la Iglesia Alianza Nacional en Congo (RDC). El Rev. C\u00e9lestin Koffi, Coordinador Regional de \u00c1frica represent\u00f3 a la familia Celestin Congo aug 2013internacional.<\/p>\n<p>Junto con el Dr. Kenzo, Presidente Nacional de la Iglesia, recibieron al Movimiento de Mujeres y al Movimiento de Hombres Alianza que ten\u00edan sus asambleas simultaneamente. Durante su estad\u00eda, el Coordinador habl\u00f3 en varias ocasiones, como en la clausura del a\u00f1o acad\u00e9mico de la Universidad de l&#8217;Alliance au Congo.<\/p>\n<p>El Rev. Koffi destaco: Las sesiones de la Asamblea General 118 tuvieron lugar en un buen esp\u00edritu. Varias resoluciones fueron adoptadas tras intensos debates. El tema principal expresa una oraci\u00f3n para la iglesia y para la naci\u00f3n: Se\u00f1or, ll\u00e9nanos de tu amor!<\/p>\n","protected":false},"excerpt":{"rendered":"<p>M\u00e1s de 3.000 participantes se reunieron para el servicio dominical al final de la Asamblea General de la Iglesia Alianza Nacional en Congo (RDC). El&hellip;<\/p>\n","protected":false},"author":15,"featured_media":0,"comment_status":"closed","ping_status":"closed","sticky":false,"template":"","format":"standard","meta":{"inline_featured_image":false,"ngg_post_thumbnail":0,"_EventAllDay":false,"_EventTimezone":"","_EventStartDate":"","_EventEndDate":"","_EventStartDateUTC":"","_EventEndDateUTC":"","_EventShowMap":false,"_EventShowMapLink":false,"_EventURL":"","_EventCost":"","_EventCostDescription":"","_EventCurrencySymbol":"","_EventCurrencyCode":"","_EventCurrencyPosition":"","_EventDateTimeSeparator":"","_EventTimeRangeSeparator":"","_EventOrganizerID":[],"_EventVenueID":[],"_OrganizerEmail":"","_OrganizerPhone":"","_OrganizerWebsite":"","_VenueAddress":"","_VenueCity":"","_VenueCountry":"","_VenueProvince":"","_VenueState":"","_VenueZip":"","_VenuePhone":"","_VenueURL":"","_VenueStateProvince":"","_VenueLat":"","_VenueLng":"","_VenueShowMap":false,"_VenueShowMapLink":false,"footnotes":""},"categories":[34],"tags":[],"class_list":["post-3028","post","type-post","status-publish","format-standard","hentry","category-news-es"],"jetpack_featured_media_url":"","_links":{"self":[{"href":"https:\/\/awf.world\/es\/wp-json\/wp\/v2\/posts\/3028","targetHints":{"allow":["GET"]}}],"collection":[{"href":"https:\/\/awf.world\/es\/wp-json\/wp\/v2\/posts"}],"about":[{"href":"https:\/\/awf.world\/es\/wp-json\/wp\/v2\/types\/post"}],"author":[{"embeddable":true,"href":"https:\/\/awf.world\/es\/wp-json\/wp\/v2\/users\/15"}],"replies":[{"embeddable":true,"href":"https:\/\/awf.world\/es\/wp-json\/wp\/v2\/comments?post=3028"}],"version-history":[{"count":0,"href":"https:\/\/awf.world\/es\/wp-json\/wp\/v2\/posts\/3028\/revisions"}],"wp:attachment":[{"href":"https:\/\/awf.world\/es\/wp-json\/wp\/v2\/media?parent=3028"}],"wp:term":[{"taxonomy":"category","embeddable":true,"href":"https:\/\/awf.world\/es\/wp-json\/wp\/v2\/categories?post=3028"},{"taxonomy":"post_tag","embeddable":true,"href":"https:\/\/awf.world\/es\/wp-json\/wp\/v2\/tags?post=3028"}],"curies":[{"name":"wp","href":"https:\/\/api.w.org\/{rel}","templated":true}]}}