{"id":10703,"date":"2015-07-17T17:30:50","date_gmt":"2015-07-17T22:30:50","guid":{"rendered":"http:\/\/awf.world\/ex-lider-de-la-iglesia-en-gabon-promovido-a-la-gloria\/"},"modified":"2018-02-28T14:33:12","modified_gmt":"2018-02-28T19:33:12","slug":"ex-lider-de-la-iglesia-en-gabon-promovido-a-la-gloria","status":"publish","type":"post","link":"https:\/\/awf.world\/es\/ex-lider-de-la-iglesia-en-gabon-promovido-a-la-gloria\/","title":{"rendered":"Ex l\u00edder de la Iglesia en Gab\u00f3n promovido a la Gloria"},"content":{"rendered":"<p>El mi\u00e9rcoles 15 de julio El Reverendo Jean-Marc YNGUEMBA, &nbsp;ex presidente de la Iglesia Alianza Nacional en Gab\u00f3n y Profesor en el Instituto B\u00edblico Bethel en Libreville, falleci\u00f3. Por favor oren por su viuda, sus hijos y por la Iglesia Nacional que se re\u00fane en este mismo momento en la capital para su concilio &nbsp;Nacional.<\/p>\n","protected":false},"excerpt":{"rendered":"<p>El mi\u00e9rcoles 15 de julio El Reverendo Jean-Marc YNGUEMBA, &nbsp;ex presidente de la Iglesia Alianza Nacional en Gab\u00f3n y Profesor en el Instituto B\u00edblico Bethel&hellip;<\/p>\n","protected":false},"author":3,"featured_media":17704,"comment_status":"closed","ping_status":"closed","sticky":false,"template":"","format":"standard","meta":{"inline_featured_image":false,"ngg_post_thumbnail":0,"_EventAllDay":false,"_EventTimezone":"","_EventStartDate":"","_EventEndDate":"","_EventStartDateUTC":"","_EventEndDateUTC":"","_EventShowMap":false,"_EventShowMapLink":false,"_EventURL":"","_EventCost":"","_EventCostDescription":"","_EventCurrencySymbol":"","_EventCurrencyCode":"","_EventCurrencyPosition":"","_EventDateTimeSeparator":"","_EventTimeRangeSeparator":"","_EventOrganizerID":[],"_EventVenueID":[],"_OrganizerEmail":"","_OrganizerPhone":"","_OrganizerWebsite":"","_VenueAddress":"","_VenueCity":"","_VenueCountry":"","_VenueProvince":"","_VenueState":"","_VenueZip":"","_VenuePhone":"","_VenueURL":"","_VenueStateProvince":"","_VenueLat":"","_VenueLng":"","_VenueShowMap":false,"_VenueShowMapLink":false,"footnotes":""},"categories":[34],"tags":[],"class_list":["post-10703","post","type-post","status-publish","format-standard","has-post-thumbnail","hentry","category-news-es"],"jetpack_featured_media_url":"https:\/\/awf.world\/wp-content\/uploads\/2012\/12\/13-01.jpg","_links":{"self":[{"href":"https:\/\/awf.world\/es\/wp-json\/wp\/v2\/posts\/10703","targetHints":{"allow":["GET"]}}],"collection":[{"href":"https:\/\/awf.world\/es\/wp-json\/wp\/v2\/posts"}],"about":[{"href":"https:\/\/awf.world\/es\/wp-json\/wp\/v2\/types\/post"}],"author":[{"embeddable":true,"href":"https:\/\/awf.world\/es\/wp-json\/wp\/v2\/users\/3"}],"replies":[{"embeddable":true,"href":"https:\/\/awf.world\/es\/wp-json\/wp\/v2\/comments?post=10703"}],"version-history":[{"count":0,"href":"https:\/\/awf.world\/es\/wp-json\/wp\/v2\/posts\/10703\/revisions"}],"wp:featuredmedia":[{"embeddable":true,"href":"https:\/\/awf.world\/es\/wp-json\/wp\/v2\/media\/17704"}],"wp:attachment":[{"href":"https:\/\/awf.world\/es\/wp-json\/wp\/v2\/media?parent=10703"}],"wp:term":[{"taxonomy":"category","embeddable":true,"href":"https:\/\/awf.world\/es\/wp-json\/wp\/v2\/categories?post=10703"},{"taxonomy":"post_tag","embeddable":true,"href":"https:\/\/awf.world\/es\/wp-json\/wp\/v2\/tags?post=10703"}],"curies":[{"name":"wp","href":"https:\/\/api.w.org\/{rel}","templated":true}]}}