{"id":10524,"date":"2015-03-12T14:56:31","date_gmt":"2015-03-12T19:56:31","guid":{"rendered":"http:\/\/awf.world\/la-luz-se-desvanece-en-siria\/"},"modified":"2018-02-28T14:41:11","modified_gmt":"2018-02-28T19:41:11","slug":"la-luz-se-desvanece-en-siria","status":"publish","type":"post","link":"https:\/\/awf.world\/es\/la-luz-se-desvanece-en-siria\/","title":{"rendered":"La luz se desvanece en Siria"},"content":{"rendered":"<p>Los efectos de la Guerra en Siria son dif\u00edciles de imaginar &nbsp;pero las fotos publicadas <strong>por #WithSyria nos &nbsp;pueden ayudar a entender c\u00f3mo la oscuridad se ha ido cerrando<\/strong> sobre este pa\u00eds. \u00abLas im\u00e1genes de sat\u00e9lite muestran que el 83% de las luces en Siria han apagado desde marzo de 2011. Los a\u00f1os de conflicto brutal han sumido al pueblo de Siria en la oscuridad.\u00bb<\/p>\n<p>La situaci\u00f3n en Damasco es relativamente buena pero meditemos sobre los siguientes datos:<\/p>\n<p>&#8211; 83% de las luces est\u00e1n apagadas en toda Siria desde marzo 2011<\/p>\n<p>&#8211; 97% de luces apagadas en Aleppo<\/p>\n<p>&#8211; 96% de luces apagadas en Raqqa<\/p>\n<p>&#8211; M\u00e1s de 200.000 personas murieron desde 2011<\/p>\n<p>&#8211; 10 millones de personas han huido de sus casas<\/p>\n<p>&#8211; 3 millones de ni\u00f1os Sirios en edad escolar ya no est\u00e1n en la escuela<\/p>\n<p style=\"text-align: justify;\"><img loading=\"lazy\" decoding=\"async\" class=\"wp-image-10511\" src=\"http:\/\/awf.world\/wp-content\/uploads\/2015\/03\/SnapNDrag_1175-300x113.jpg\" alt=\"SnapNDrag_1175\" width=\"425\" height=\"160\" srcset=\"https:\/\/awf.world\/wp-content\/uploads\/2015\/03\/SnapNDrag_1175-300x113.jpg 300w, https:\/\/awf.world\/wp-content\/uploads\/2015\/03\/SnapNDrag_1175.jpg 865w\" sizes=\"auto, (max-width: 425px) 100vw, 425px\" \/><\/p>\n<p><img loading=\"lazy\" decoding=\"async\" class=\"\" src=\"http:\/\/awf.world\/wp-content\/uploads\/2015\/03\/SnapNDrag_1174-300x225.jpg\" alt=\"SnapNDrag_1174\" width=\"229\" height=\"172\"><\/p>\n<p>#WithSyria, Quien &nbsp;public\u00f3 estas fotos en Internet se presenta como un movimiento de m\u00e1s de 130 organizaciones y personas de todo el mundo sin tomar partido &nbsp;pero de pie en solidaridad con los que est\u00e1n atrapados en el conflicto. Como seguidores de Jes\u00fas compartimos esta preocupaci\u00f3n. Es obvio que nos concierne as\u00ed como el aspecto espiritual. Muchos seguidores de Cristo han dejado Siria, mientras la luz se va desvaneciendo. Sin juzgar a cualquier persona que se haya ido es importante &nbsp;resaltar &nbsp;&nbsp;que tambi\u00e9n existen los que se quedan. 16 Iglesias Alianza hacen lo que pueden para mantener la luz encendida.<\/p>\n<p>Nos recuerda el per\u00edodo de Eli como se describe en el primer libro de Samuel. Aquellos tambi\u00e9n eran tiempos oscuros, pero se dice: \u00bb La l\u00e1mpara de Dios todav\u00eda estaba encendida\u00bb. Nos negamos a creer que Dios hubiera desistido de los sirios, con \u00c9l incluso la m\u00e1s peque\u00f1a llama puede convertirse en una luz resplandeciente. Vamos pues &nbsp;\u00abavivemos la luz\u00bb con oraci\u00f3n y apoyo!<\/p>\n<p>Las im\u00e1genes se tomaron de la p\u00e1gina web del diario franc\u00e9s&nbsp;<a href=\"http:\/\/www.lefigaro.fr\/international\/2015\/03\/12\/01003-20150312ARTFIG00009-en-syrie-les-quatre-annees-de-guerre-ont-eteint-les-lumieres.php\">Le Figaro<\/a><\/p>\n<p>Website&nbsp;<a href=\"http:\/\/withsyria.com\/en\/?source=OxfamEN&amp;viewedvideo=true\">#WithSyria<\/a><\/p>\n","protected":false},"excerpt":{"rendered":"<p>Los efectos de la Guerra en Siria son dif\u00edciles de imaginar &nbsp;pero las fotos publicadas por #WithSyria nos &nbsp;pueden ayudar a entender c\u00f3mo la oscuridad&hellip;<\/p>\n","protected":false},"author":3,"featured_media":0,"comment_status":"closed","ping_status":"closed","sticky":false,"template":"","format":"standard","meta":{"inline_featured_image":false,"ngg_post_thumbnail":0,"_EventAllDay":false,"_EventTimezone":"","_EventStartDate":"","_EventEndDate":"","_EventStartDateUTC":"","_EventEndDateUTC":"","_EventShowMap":false,"_EventShowMapLink":false,"_EventURL":"","_EventCost":"","_EventCostDescription":"","_EventCurrencySymbol":"","_EventCurrencyCode":"","_EventCurrencyPosition":"","_EventDateTimeSeparator":"","_EventTimeRangeSeparator":"","_EventOrganizerID":[],"_EventVenueID":[],"_OrganizerEmail":"","_OrganizerPhone":"","_OrganizerWebsite":"","_VenueAddress":"","_VenueCity":"","_VenueCountry":"","_VenueProvince":"","_VenueState":"","_VenueZip":"","_VenuePhone":"","_VenueURL":"","_VenueStateProvince":"","_VenueLat":"","_VenueLng":"","_VenueShowMap":false,"_VenueShowMapLink":false,"footnotes":""},"categories":[34],"tags":[],"class_list":["post-10524","post","type-post","status-publish","format-standard","hentry","category-news-es"],"jetpack_featured_media_url":"","_links":{"self":[{"href":"https:\/\/awf.world\/es\/wp-json\/wp\/v2\/posts\/10524","targetHints":{"allow":["GET"]}}],"collection":[{"href":"https:\/\/awf.world\/es\/wp-json\/wp\/v2\/posts"}],"about":[{"href":"https:\/\/awf.world\/es\/wp-json\/wp\/v2\/types\/post"}],"author":[{"embeddable":true,"href":"https:\/\/awf.world\/es\/wp-json\/wp\/v2\/users\/3"}],"replies":[{"embeddable":true,"href":"https:\/\/awf.world\/es\/wp-json\/wp\/v2\/comments?post=10524"}],"version-history":[{"count":0,"href":"https:\/\/awf.world\/es\/wp-json\/wp\/v2\/posts\/10524\/revisions"}],"wp:attachment":[{"href":"https:\/\/awf.world\/es\/wp-json\/wp\/v2\/media?parent=10524"}],"wp:term":[{"taxonomy":"category","embeddable":true,"href":"https:\/\/awf.world\/es\/wp-json\/wp\/v2\/categories?post=10524"},{"taxonomy":"post_tag","embeddable":true,"href":"https:\/\/awf.world\/es\/wp-json\/wp\/v2\/tags?post=10524"}],"curies":[{"name":"wp","href":"https:\/\/api.w.org\/{rel}","templated":true}]}}