{"id":43866,"date":"2026-03-26T15:54:13","date_gmt":"2026-03-26T18:54:13","guid":{"rendered":"https:\/\/awf.world\/?post_type=awf-news&#038;p=43866"},"modified":"2026-03-26T16:22:07","modified_gmt":"2026-03-26T19:22:07","slug":"in-memoriam-del-rev-saint-bernard-manoumba","status":"publish","type":"awf-news","link":"https:\/\/awf.world\/es\/awf-news\/in-memoriam-del-rev-saint-bernard-manoumba\/","title":{"rendered":"Vida y Ministerio del Rev. Saint Bernard Manoumba, Expresidente de la Iglesia Alianza de Gab\u00f3n"},"content":{"rendered":"<p style=\"text-align: justify;\"><strong>El Rev. Saint Bernard Manoumba, expresidente de la Iglesia Alianza de Gab\u00f3n, sirvi\u00f3 en el liderazgo pastoral y nacional durante tres d\u00e9cadas. Su vida marc\u00f3 un camino de fe, servicio y liderazgo dentro de la familia de la Alianza.<\/strong><\/p>\n<p>El Rev. Saint Bernard Manoumba, expresidente de la Iglesia Alianza en Gab\u00f3n, falleci\u00f3 el 21 de febrero de 2026 en el Centro Hospitalario Universitario de Libreville. Ten\u00eda 66 a\u00f1os.<\/p>\n<p>Durante tres d\u00e9cadas, el Rev. Manoumba sirvi\u00f3 a la iglesia a trav\u00e9s del ministerio pastoral, el liderazgo regional y la gobernanza nacional. Su trayectoria vital lo llev\u00f3 desde el servicio en la iglesia local hasta la presidencia de la iglesia nacional, y posteriormente al consejo de ancianos.<\/p>\n<p>El Rev. Manoumba naci\u00f3 el 4 de diciembre de 1959 en Koula-Moutou, en la regi\u00f3n de Ogoou\u00e9 &#8211; Lolo, en Gab\u00f3n, hijo de Michel Daniel Manoumba y Jeanne Mikangue.<\/p>\n<p>De joven, practic\u00f3 deportes, especialmente f\u00fatbol. Entre 1983 y 1989 jug\u00f3 en equipos de Mounana y Moanda, al mismo tiempo que trabajaba para empresas mineras de la regi\u00f3n.<\/p>\n<p>En 1985 tom\u00f3 una decisi\u00f3n que cambi\u00f3 el rumbo de su vida. El 17 de septiembre entreg\u00f3 su vida a Jesucristo, abandonando pr\u00e1cticas que entraban en conflicto con su fe. M\u00e1s tarde ese mismo a\u00f1o fue bautizado en la iglesia de Mounana.<\/p>\n<p>M\u00e1s tarde escribi\u00f3 en su diario personal que su vida en Cristo transform\u00f3 su comprensi\u00f3n del prop\u00f3sito y la vocaci\u00f3n.<\/p>\n<p>En 1990 se cas\u00f3 con Am\u00e9lie Yvette Mpolo Mazetse en Moanda. Juntos criaron cuatro hijos y mantuvieron los lazos con una gran familia extendida.<\/p>\n<p>Tras servir como di\u00e1cono y anciano en la iglesia de Moanda, los l\u00edderes de la iglesia lo animaron a cursar estudios teol\u00f3gicos. En 1991 ingres\u00f3 en el Instituto B\u00edblico Bethel en Libreville, donde estudi\u00f3 ministerio pastoral y prest\u00f3 servicio en diversas iglesias durante su formaci\u00f3n.<\/p>\n<p>Se gradu\u00f3 en 1996 con un diploma en ministerio pastoral.<\/p>\n<p>El Rev. Manoumba comenz\u00f3 su ministerio pastoral en la iglesia de Gamba, donde prest\u00f3 sus servicios desde 1996 hasta 2000.<\/p>\n<p>El 7 de noviembre de 1999 fue consagrado al ministerio.<\/p>\n<p>En los a\u00f1os siguientes, sirvi\u00f3 en iglesias y regiones de todo el pa\u00eds. Su ministerio incluy\u00f3 el servicio pastoral en Moanda, Balise 2, SUCAF, Sibang 3\/PK8 y el puerto de Owendo. Tambi\u00e9n se desempe\u00f1\u00f3 como superintendente regional en Haut- Ogoou\u00e9, Ogoou\u00e9 &#8211; Maritime y Ogoou\u00e9 &#8211; Lolo.<\/p>\n<p>Estos a\u00f1os de ministerio lo situaron entre iglesias de ciudades, comunidades mineras y zonas urbanas en crecimiento.<\/p>\n<p>Desde 2004 hasta 2011, el Rev. Manoumba fue presidente de la <span style=\"text-decoration: underline;\"><a href=\"https:\/\/awf.world\/es\/country-description\/gabon\/\" target=\"_blank\" rel=\"noopener\">Iglesia Alianza Cristiana y Misionera (ACyM) de Gab\u00f3n.<\/a><\/span><\/p>\n<p>Tras finalizar su mandato, continu\u00f3 sirviendo a la iglesia nacional como asesor del comit\u00e9 ejecutivo nacional y, posteriormente, en el consejo de ancianos. De 2021 a 2023 fue decano del consejo, y de 2023 a 2025 vicedecano.<\/p>\n<p>En cada uno de sus cargos, se mantuvo conectado con las iglesias locales al tiempo que ayudaba a guiar el rumbo de la iglesia nacional.<\/p>\n<p>Durante sus a\u00f1os de servicio, el Rev. Manoumba viaj\u00f3 a varios pa\u00edses vinculados a la Alianza mundial. Estas visitas incluyeron estancias en Francia, Estados Unidos e Israel, lo que permiti\u00f3 conectar a la iglesia de Gab\u00f3n con creyentes y ministerios en otras partes del mundo.<\/p>\n<p>El Rev. Manoumba dedic\u00f3 30 a\u00f1os al ministerio pastoral y al liderazgo eclesi\u00e1stico. Su ministerio comenz\u00f3 en iglesias locales y posteriormente abarc\u00f3 responsabilidades a nivel nacional.<\/p>\n<p>Reflexionando sobre su vida en Cristo, escribi\u00f3 en una ocasi\u00f3n: \u201cHoy comprendo, en mi uni\u00f3n con el Se\u00f1or Jesucristo, que heredo el plan revelado en la visi\u00f3n celestial. Dios me lo ha dado todo en Jesucristo. Me mantengo firme en el triunfo de Cristo\u201d.<\/p>\n<p>Al Rev. Manoumba le sobreviven su esposa, sus hijos, su familia extendida y las iglesias a las que sirvi\u00f3 en todo Gab\u00f3n. Su vida marc\u00f3 un camino de fe, servicio y liderazgo dentro de la familia de la Alianza.<\/p>\n","protected":false},"author":24,"featured_media":43804,"template":"","meta":{"inline_featured_image":false,"ngg_post_thumbnail":0,"_EventAllDay":false,"_EventTimezone":"","_EventStartDate":"","_EventEndDate":"","_EventStartDateUTC":"","_EventEndDateUTC":"","_EventShowMap":false,"_EventShowMapLink":false,"_EventURL":"","_EventCost":"","_EventCostDescription":"","_EventCurrencySymbol":"","_EventCurrencyCode":"","_EventCurrencyPosition":"","_EventDateTimeSeparator":"","_EventTimeRangeSeparator":"","_EventOrganizerID":[],"_EventVenueID":[],"_OrganizerEmail":"","_OrganizerPhone":"","_OrganizerWebsite":"","_VenueAddress":"","_VenueCity":"","_VenueCountry":"","_VenueProvince":"","_VenueState":"","_VenueZip":"","_VenuePhone":"","_VenueURL":"","_VenueStateProvince":"","_VenueLat":"","_VenueLng":"","_VenueShowMap":false,"_VenueShowMapLink":false},"categories":[285,34],"tags":[279,359],"class_list":["post-43866","awf-news","type-awf-news","status-publish","has-post-thumbnail","hentry","category-africa-es","category-news-es","tag-africa-es","tag-gabon"],"_links":{"self":[{"href":"https:\/\/awf.world\/es\/wp-json\/wp\/v2\/awf-news\/43866","targetHints":{"allow":["GET"]}}],"collection":[{"href":"https:\/\/awf.world\/es\/wp-json\/wp\/v2\/awf-news"}],"about":[{"href":"https:\/\/awf.world\/es\/wp-json\/wp\/v2\/types\/awf-news"}],"author":[{"embeddable":true,"href":"https:\/\/awf.world\/es\/wp-json\/wp\/v2\/users\/24"}],"wp:featuredmedia":[{"embeddable":true,"href":"https:\/\/awf.world\/es\/wp-json\/wp\/v2\/media\/43804"}],"wp:attachment":[{"href":"https:\/\/awf.world\/es\/wp-json\/wp\/v2\/media?parent=43866"}],"wp:term":[{"taxonomy":"category","embeddable":true,"href":"https:\/\/awf.world\/es\/wp-json\/wp\/v2\/categories?post=43866"},{"taxonomy":"post_tag","embeddable":true,"href":"https:\/\/awf.world\/es\/wp-json\/wp\/v2\/tags?post=43866"}],"curies":[{"name":"wp","href":"https:\/\/api.w.org\/{rel}","templated":true}]}}