{"id":43541,"date":"2026-03-09T14:12:31","date_gmt":"2026-03-09T17:12:31","guid":{"rendered":"https:\/\/awf.world\/?post_type=awf-news&#038;p=43541"},"modified":"2026-03-09T20:01:50","modified_gmt":"2026-03-09T23:01:50","slug":"conoce-a-enrique-rosa-reyes","status":"publish","type":"awf-news","link":"https:\/\/awf.world\/es\/awf-news\/conoce-a-enrique-rosa-reyes\/","title":{"rendered":"Conoce a Enrique Rosa Reyes, el Nuevo Presidente de la Alianza de la Rep\u00fablica Dominicana"},"content":{"rendered":"<p style=\"text-align: justify;\"><strong>Luego de m\u00e1s de 40 a\u00f1os de ministerio pastoral, el Rev. Enrique Rosa Reyes inicia un per\u00edodo de cuatro a\u00f1os como presidente de la Alianza Cristiana y Misionera en la Rep\u00fablica Dominicana el 7 de marzo de 2026.<\/strong><\/p>\n<p>La Iglesia Alianza en la Rep\u00fablica Dominicana inici\u00f3 una nueva etapa de liderazgo el 7 de marzo de 2026, cuando el Rev. Enrique Rosa Reyes asumi\u00f3 su cargo como presidente nacional. Su elecci\u00f3n se llev\u00f3 a cabo durante la Asamblea General de enero, donde pastores y delegados lo ratificaron para un mandato de cuatro a\u00f1os.<\/p>\n<p>La <span style=\"text-decoration: underline;\"><a href=\"https:\/\/awf.world\/es\/country-description\/republica-dominicana\/\" target=\"_blank\" rel=\"noopener\">Alianza Cristiana y Misionera (ACyM) de la Rep\u00fablica Dominicana<\/a><\/span> atiende a m\u00e1s de seis mil miembros en 123 congregaciones locales, guiada por ministros ordenados y l\u00edderes ministeriales que comparten el evangelio en sus comunidades. Este ministerio en crecimiento refleja el compromiso de la iglesia de alcanzar a las personas, fortalecer a los creyentes y expandir su testimonio a nivel nacional.<\/p>\n<p>La historia del Rev. Rosa se basa en una vida de fe y servicio. Naci\u00f3 en Toro Cenizo, Villa Tapia, y creci\u00f3 en una familia numerosa donde la vida de la iglesia molde\u00f3 sus primeros a\u00f1os. Su padre fue pastor, y desde ni\u00f1o Enrique aprendi\u00f3 lo que significa seguir fielmente a Cristo.<\/p>\n<p>\u201cHe servido al Se\u00f1or toda mi vida\u201d, dijo.<\/p>\n<p>El Rev. Rosa comenz\u00f3 su ministerio pastoral a los diecisiete a\u00f1os en La Torre, La Vega. Durante los \u00faltimos 44 a\u00f1os, su trabajo se ha centrado en pastorear congregaciones, fundar iglesias y ayudar a los l\u00edderes a crecer. Complet\u00f3 su formaci\u00f3n teol\u00f3gica a trav\u00e9s de los programas de la Alianza, lo que lo prepar\u00f3 para d\u00e9cadas de servicio pastoral y nacional.<\/p>\n<p>El Rev. Rosa se cas\u00f3 con Fe Modesta Ferreiras en diciembre de 1988. Tienen tres hijos y han servido fielmente como familia en el ministerio.<\/p>\n<p>Al asumir el liderazgo nacional, la visi\u00f3n del Rev. Rosa incluye alcanzar a quienes a\u00fan no conocen a Cristo, fortalecer el crecimiento de la iglesia, desarrollar l\u00edderes j\u00f3venes para el futuro y completar proyectos ministeriales clave. Tambi\u00e9n nos invita a orar por unidad, sabidur\u00eda y fortaleza para las responsabilidades futuras.<\/p>\n<p>Esta nueva temporada de liderazgo llega en un momento importante para la familia de la Alianza. Del 21 al 26 de septiembre de 2026, Rep\u00fablica Dominicana ser\u00e1 la sede de la Asamblea y Simposio de CLA y la Conferencia de Mujeres AMADA. L\u00edderes y representantes de toda la regi\u00f3n se reunir\u00e1n para compartir, animarse y renovar su compromiso con la misi\u00f3n de cooperar en el evangelio. La iglesia nacional se prepara para recibir a la regi\u00f3n y ser la anfitriona de este importante evento.<\/p>\n<p>La Rep\u00fablica Dominicana es una naci\u00f3n con una s\u00f3lida herencia cristiana y una vida eclesial. A medida que la Alianza contin\u00faa creciendo, sus l\u00edderes ven nuevas oportunidades para servir a las comunidades, formar disc\u00edpulos y difundir el mensaje de esperanza en cada provincia.<\/p>\n<p>Tras m\u00e1s de cuatro d\u00e9cadas de ministerio, el nombramiento del Rev. Rosa refleja una vida marcada por la perseverancia, la fe y el deseo de ver vidas transformadas. Su liderazgo marca el inicio de una nueva etapa para la iglesia nacional, que contin\u00faa avanzando en unidad y misi\u00f3n.<\/p>\n","protected":false},"author":24,"featured_media":43512,"template":"","meta":{"inline_featured_image":false,"ngg_post_thumbnail":0,"_EventAllDay":false,"_EventTimezone":"","_EventStartDate":"","_EventEndDate":"","_EventStartDateUTC":"","_EventEndDateUTC":"","_EventShowMap":false,"_EventShowMapLink":false,"_EventURL":"","_EventCost":"","_EventCostDescription":"","_EventCurrencySymbol":"","_EventCurrencyCode":"","_EventCurrencyPosition":"","_EventDateTimeSeparator":"","_EventTimeRangeSeparator":"","_EventOrganizerID":[],"_EventVenueID":[],"_OrganizerEmail":"","_OrganizerPhone":"","_OrganizerWebsite":"","_VenueAddress":"","_VenueCity":"","_VenueCountry":"","_VenueProvince":"","_VenueState":"","_VenueZip":"","_VenuePhone":"","_VenueURL":"","_VenueStateProvince":"","_VenueLat":"","_VenueLng":"","_VenueShowMap":false,"_VenueShowMapLink":false},"categories":[99,34],"tags":[209,673],"class_list":["post-43541","awf-news","type-awf-news","status-publish","has-post-thumbnail","hentry","category-latin-america-es","category-news-es","tag-america-latina","tag-republica-dominicana"],"_links":{"self":[{"href":"https:\/\/awf.world\/es\/wp-json\/wp\/v2\/awf-news\/43541","targetHints":{"allow":["GET"]}}],"collection":[{"href":"https:\/\/awf.world\/es\/wp-json\/wp\/v2\/awf-news"}],"about":[{"href":"https:\/\/awf.world\/es\/wp-json\/wp\/v2\/types\/awf-news"}],"author":[{"embeddable":true,"href":"https:\/\/awf.world\/es\/wp-json\/wp\/v2\/users\/24"}],"wp:featuredmedia":[{"embeddable":true,"href":"https:\/\/awf.world\/es\/wp-json\/wp\/v2\/media\/43512"}],"wp:attachment":[{"href":"https:\/\/awf.world\/es\/wp-json\/wp\/v2\/media?parent=43541"}],"wp:term":[{"taxonomy":"category","embeddable":true,"href":"https:\/\/awf.world\/es\/wp-json\/wp\/v2\/categories?post=43541"},{"taxonomy":"post_tag","embeddable":true,"href":"https:\/\/awf.world\/es\/wp-json\/wp\/v2\/tags?post=43541"}],"curies":[{"name":"wp","href":"https:\/\/api.w.org\/{rel}","templated":true}]}}