{"id":43540,"date":"2026-03-07T14:07:53","date_gmt":"2026-03-07T17:07:53","guid":{"rendered":"https:\/\/awf.world\/?post_type=awf-news&#038;p=43540"},"modified":"2026-03-09T19:40:54","modified_gmt":"2026-03-09T22:40:54","slug":"conoce-a-celso-nakamae","status":"publish","type":"awf-news","link":"https:\/\/awf.world\/es\/awf-news\/conoce-a-celso-nakamae\/","title":{"rendered":"Conoce a Celso Nakamae, el Nuevo Presidente de la Alianza de Brasil"},"content":{"rendered":"<p style=\"text-align: justify;\"><strong>El Rev. Celso Massayuki Nakamae, presidente electo de la Iglesia Alianza Cristiana y Misionera en Brasil, asume el liderazgo en una naci\u00f3n con profundas ra\u00edces espirituales, presencia ministerial hist\u00f3rica y creciente influencia evang\u00e9lica.<\/strong><\/p>\n<p>En el coraz\u00f3n de Brasil, un pa\u00eds formado por diversas expresiones de fe y una rica historia espiritual, un humilde pastor de Mar\u00edlia, una peque\u00f1a ciudad en el interior del estado de S\u00e3o Paulo, ha sido elegido para dirigir su iglesia nacional en un momento crucial de su trayectoria.<\/p>\n<p>Celso Nakamae creci\u00f3 asistiendo a la iglesia con su familia en Mar\u00edlia, donde se sembraron las primeras semillas de su fe. A los once a\u00f1os, tras la muerte de su padre, comenz\u00f3 a comprender la fuerza de una vida anclada en Cristo. \u201cMi fe se volvi\u00f3 personal a los diecisiete a\u00f1os\u201d, dijo, recordando el d\u00eda que decidi\u00f3 seguir a Cristo con seguridad.<\/p>\n<p>Tras terminar sus estudios, su trabajo lo llev\u00f3 a Jap\u00f3n durante cinco a\u00f1os, donde conoci\u00f3 a la familia de iglesias de la Alianza Cristiana y Misionera (ACyM). Esa temporada en el extranjero le ayud\u00f3 a definir su futuro ministerio.<\/p>\n<p>Al regresar a Brasil, se matricul\u00f3 en el Seminario Teol\u00f3gico Alianza (actualmente Seminario Teol\u00f3gico A. W. Tozer) en junio de 1997. Tras graduarse en 2001, fue nombrado pastor de una iglesia de la Alianza en Bauru, ciudad de la regi\u00f3n centro-oeste del estado de S\u00e3o Paulo, donde ha servido fielmente desde entonces. En 2004, se cas\u00f3 con Lilian Yumi Umetsu y juntos cr\u00edan a sus dos hijos, Daniel y Nathan.<\/p>\n<p>Sus dones pastorales lo llevaron al liderazgo distrital, y en 2024 acept\u00f3 el cargo de vicepresidente de la iglesia nacional. Al concluir el mandato del expresidente, Celso fue elegido para sucederlo, con un mandato que comenz\u00f3 en enero de 2026 y concluye en enero de 2028.<\/p>\n<p>Brasil es una vasta naci\u00f3n con 213,4 millones de habitantes, conocida desde hace mucho tiempo por su profunda herencia religiosa, donde el catolicismo sigue siendo importante y la comunidad protestante contin\u00faa creciendo. Los cristianos evang\u00e9licos constituyen ahora una parte sustancial de los creyentes en todo el pa\u00eds, lo que refleja un panorama espiritual en el que el evangelio es cada vez m\u00e1s visible tanto en centros urbanos como en regiones remotas.<\/p>\n<p>La <span style=\"text-decoration: underline;\"><a href=\"https:\/\/awf.world\/es\/country-description\/brasil\/\" target=\"_blank\" rel=\"noopener\">Alianza Cristiana y Misionera Brasile\u00f1a (ACEMBRAS)<\/a><\/span> tiene una historia propia que abarca varias d\u00e9cadas. Su labor fue iniciada por una misionera japonesa que fund\u00f3 la primera iglesia de la Alianza cerca de Brasilia, la entonces capital del pa\u00eds. La posterior llegada y la fuerte presencia de misioneros de Estados Unidos y Canad\u00e1 allan\u00f3 el camino para la fundaci\u00f3n de nuevas iglesias y la organizaci\u00f3n formal de la iglesia nacional en 1978. En los \u00faltimos a\u00f1os, la Alianza ha continuado expandiendo su testimonio mediante la fundaci\u00f3n de iglesias y una mayor participaci\u00f3n en misiones locales e internacionales.<\/p>\n<p>Cuando se le pregunt\u00f3 sobre sus prioridades de liderazgo, Celso fue claro: quiere fortalecer las congregaciones locales, animar a los pastores y fortalecer la comuni\u00f3n entre las iglesias. \u201cMenos independencia y m\u00e1s comuni\u00f3n\u201d, dijo. Estos objetivos no surgen de un deseo administrativo, sino de un coraz\u00f3n pastoral para ver a la iglesia prosperar en las diversas regiones de Brasil.<\/p>\n<p>Su liderazgo llega en un momento en que los creyentes de todo el pa\u00eds est\u00e1n considerando c\u00f3mo compartir el evangelio fielmente en un entorno espiritualmente diverso, moldeado por siglos de tradici\u00f3n cat\u00f3lica, un pr\u00f3spero testimonio evang\u00e9lico y una creciente pluralidad religiosa.<\/p>\n<p>El camino que comenz\u00f3 en una tranquila calle de Mar\u00edlia ha llevado a Celso al liderazgo nacional de la iglesia Alianza. Al comenzar esta nueva etapa, nos pide que oremos por sabidur\u00eda, discernimiento y fortaleza para servir a pastores, iglesias y comunidades de todo Brasil.<\/p>\n","protected":false},"author":24,"featured_media":43504,"template":"","meta":{"inline_featured_image":false,"ngg_post_thumbnail":0,"_EventAllDay":false,"_EventTimezone":"","_EventStartDate":"","_EventEndDate":"","_EventStartDateUTC":"","_EventEndDateUTC":"","_EventShowMap":false,"_EventShowMapLink":false,"_EventURL":"","_EventCost":"","_EventCostDescription":"","_EventCurrencySymbol":"","_EventCurrencyCode":"","_EventCurrencyPosition":"","_EventDateTimeSeparator":"","_EventTimeRangeSeparator":"","_EventOrganizerID":[],"_EventVenueID":[],"_OrganizerEmail":"","_OrganizerPhone":"","_OrganizerWebsite":"","_VenueAddress":"","_VenueCity":"","_VenueCountry":"","_VenueProvince":"","_VenueState":"","_VenueZip":"","_VenuePhone":"","_VenueURL":"","_VenueStateProvince":"","_VenueLat":"","_VenueLng":"","_VenueShowMap":false,"_VenueShowMapLink":false},"categories":[99,34],"tags":[351,209],"class_list":["post-43540","awf-news","type-awf-news","status-publish","has-post-thumbnail","hentry","category-latin-america-es","category-news-es","tag-brasil","tag-america-latina"],"_links":{"self":[{"href":"https:\/\/awf.world\/es\/wp-json\/wp\/v2\/awf-news\/43540","targetHints":{"allow":["GET"]}}],"collection":[{"href":"https:\/\/awf.world\/es\/wp-json\/wp\/v2\/awf-news"}],"about":[{"href":"https:\/\/awf.world\/es\/wp-json\/wp\/v2\/types\/awf-news"}],"author":[{"embeddable":true,"href":"https:\/\/awf.world\/es\/wp-json\/wp\/v2\/users\/24"}],"wp:featuredmedia":[{"embeddable":true,"href":"https:\/\/awf.world\/es\/wp-json\/wp\/v2\/media\/43504"}],"wp:attachment":[{"href":"https:\/\/awf.world\/es\/wp-json\/wp\/v2\/media?parent=43540"}],"wp:term":[{"taxonomy":"category","embeddable":true,"href":"https:\/\/awf.world\/es\/wp-json\/wp\/v2\/categories?post=43540"},{"taxonomy":"post_tag","embeddable":true,"href":"https:\/\/awf.world\/es\/wp-json\/wp\/v2\/tags?post=43540"}],"curies":[{"name":"wp","href":"https:\/\/api.w.org\/{rel}","templated":true}]}}