{"id":42818,"date":"2026-01-19T11:46:31","date_gmt":"2026-01-19T14:46:31","guid":{"rendered":"https:\/\/awf.world\/?post_type=awf-news&#038;p=42818"},"modified":"2026-01-19T16:53:29","modified_gmt":"2026-01-19T19:53:29","slug":"lideres-de-la-proxima-generacion","status":"publish","type":"awf-news","link":"https:\/\/awf.world\/es\/awf-news\/lideres-de-la-proxima-generacion\/","title":{"rendered":"Los L\u00edderes de la Pr\u00f3xima Generaci\u00f3n se Re\u00fanen para Dar Forma al Futuro del Liderazgo de la Iglesia Global"},"content":{"rendered":"<p style=\"text-align: justify;\"><strong>L\u00edderes de todo el mundo se reunieron en octubre de 2025 para explorar el liderazgo a trav\u00e9s de generaciones y culturas, centr\u00e1ndose en escuchar, colaborar y preparar a la pr\u00f3xima generaci\u00f3n para servir a la iglesia global.<\/strong><\/p>\n<p>Los l\u00edderes de la Alianza se reunieron en Yamoussoukro, Costa de Marfil con una pregunta com\u00fan: \u00bfc\u00f3mo puede la iglesia preparar fielmente a la pr\u00f3xima generaci\u00f3n de l\u00edderes y, al mismo tiempo, honrar a las generaciones que ya sirven? Durante la Convocatoria Cuadrienal de la Confraternidad Mundial de la Alianza (AWF), celebrada a principios de octubre de 2025, una serie de talleres generaron un espacio para explorar esta pregunta a trav\u00e9s de la escucha, la lectura de las Escrituras y la experiencia compartida.<\/p>\n<p>Del 8 al 12 de octubre, los talleres de L\u00edderes de la Pr\u00f3xima Generaci\u00f3n reunieron a l\u00edderes nacionales, pastores y voces emergentes para abordar el liderazgo intergeneracional y cultural. En lugar de ofrecer f\u00f3rmulas o programas, las sesiones se centraron en las relaciones, la confianza y el llamado b\u00edblico a servirnos unos a otros dentro de la familia de Dios.<\/p>\n<p><strong>Creando Espacio para una Conversaci\u00f3n Honesta<\/strong><\/p>\n<p>Los talleres comenzaron mencionando realidades que a menudo se pasan por alto. Se invit\u00f3 a los participantes a reconocer las suposiciones intergeneracionales y a reflexionar sobre c\u00f3mo estas influyen en el liderazgo, la comunicaci\u00f3n y la toma de decisiones.<\/p>\n<p>Los l\u00edderes se agruparon por generaci\u00f3n y se les dio tiempo para hablar abiertamente sobre sus miedos, desaf\u00edos y fortalezas. Esta estructura permiti\u00f3 que cada grupo fuera escuchado sin interrupciones antes de que la sala se reuniera para escuchar a las distintas generaciones.<\/p>\n<p>\u201cUn momento destacado fue sentarnos con las diferentes generaciones en la sala y permitir que cada una expresara sus voces, miedos y fortalezas\u201d, dijo Kim Chau. \u201cRevel\u00f3 los malentendidos y las suposiciones que cada grupo ten\u00eda de los dem\u00e1s. Terminamos so\u00f1ando juntos con el futuro, demostrando que necesitamos a cada generaci\u00f3n, a cada parte del cuerpo de Cristo\u201d.<\/p>\n<p><strong>Liderando a Trav\u00e9s de Culturas y Generaciones<\/strong><\/p>\n<p>Para muchas iglesias nacionales, el liderazgo actual implica gestionar las diferencias generacionales al servir en entornos multiculturales. Utilizando el modelo del Iceberg Cultural, los participantes examinaron c\u00f3mo los valores subyacentes influyen en el comportamiento, las expectativas de liderazgo y los conflictos.<\/p>\n<p>A trav\u00e9s de estudios de caso, incluyendo la historia de la Iglesia Alianza Hmong Esperanza Viva, los l\u00edderes reflexionaron sobre lo que sustenta el ministerio a lo largo del tiempo. La conversaci\u00f3n destac\u00f3 la importancia de crear espacios intencionales donde personas de diferentes edades y or\u00edgenes culturales no solo sean incluidas, sino tambi\u00e9n honradas.<\/p>\n<p>\u201cMe impresion\u00f3 la fuerte conexi\u00f3n y las conversaciones profundas que tuvieron lugar en tan poco tiempo y entre tanta gente diversa\u201d, dijo Jessie Ritchey.<\/p>\n<p><strong>Mirando Hacia el A\u00f1o 2040<\/strong><\/p>\n<p>La sesi\u00f3n final invit\u00f3 a los participantes a reflexionar sobre c\u00f3mo podr\u00eda ser el liderazgo en los pr\u00f3ximos a\u00f1os. La atenci\u00f3n se centr\u00f3 en los l\u00edderes que conectan culturas y generaciones de forma natural, a menudo moldeados por m\u00faltiples contextos y experiencias.<\/p>\n<p>En lugar de imaginar un modelo \u00fanico de liderazgo, los participantes reflexionaron sobre la imagen de la iglesia global como m\u00faltiples voces que trabajan juntas en armon\u00eda. La sabidur\u00eda, moldeada por la experiencia, y la innovaci\u00f3n, formada por nuevas perspectivas, se consideraron no como fuerzas en pugna, sino como dones complementarios.<\/p>\n<p>\u201cMe conmovi\u00f3 lo que Dios est\u00e1 haciendo alrededor del mundo a trav\u00e9s de la Alianza\u201d, dijo Jeff Amstutz, quien asisti\u00f3 a su primera reuni\u00f3n global este a\u00f1o. \u201cApreci\u00e9 el taller de L\u00edderes de la Pr\u00f3xima Generaci\u00f3n porque incluy\u00f3 a varias generaciones y mostr\u00f3 el trabajo intencional que ya se est\u00e1 realizando para identificar y desarrollar l\u00edderes j\u00f3venes. Mi oraci\u00f3n es que los l\u00edderes j\u00f3venes encuentren un lugar dentro de la Alianza y la iglesia local para vivir su llamado al servicio\u201d.<\/p>\n<p><strong>Corriendo la Carrera Juntos<\/strong><\/p>\n<p>La iniciativa L\u00edderes de la Pr\u00f3xima Generaci\u00f3n no se limita a un solo evento. Refleja un compromiso a largo plazo con el desarrollo de un liderazgo basado en la humildad, la confianza y una misi\u00f3n compartida. Al regresar los participantes a sus pa\u00edses de origen, el enfoque permaneci\u00f3 claro: el liderazgo no es un relevo aislado, sino una carrera que se corre codo a codo.<\/p>\n<p>El futuro de la iglesia global no ser\u00e1 determinado por una sola generaci\u00f3n, sino por muchas que sirvan juntas en fidelidad al evangelio.<\/p>\n","protected":false},"author":24,"featured_media":42803,"template":"","meta":{"inline_featured_image":false,"ngg_post_thumbnail":0,"_EventAllDay":false,"_EventTimezone":"","_EventStartDate":"","_EventEndDate":"","_EventStartDateUTC":"","_EventEndDateUTC":"","_EventShowMap":false,"_EventShowMapLink":false,"_EventURL":"","_EventCost":"","_EventCostDescription":"","_EventCurrencySymbol":"","_EventCurrencyCode":"","_EventCurrencyPosition":"","_EventDateTimeSeparator":"","_EventTimeRangeSeparator":"","_EventOrganizerID":[],"_EventVenueID":[],"_OrganizerEmail":"","_OrganizerPhone":"","_OrganizerWebsite":"","_VenueAddress":"","_VenueCity":"","_VenueCountry":"","_VenueProvince":"","_VenueState":"","_VenueZip":"","_VenuePhone":"","_VenueURL":"","_VenueStateProvince":"","_VenueLat":"","_VenueLng":"","_VenueShowMap":false,"_VenueShowMapLink":false},"categories":[34],"tags":[384,989],"class_list":["post-42818","awf-news","type-awf-news","status-publish","has-post-thumbnail","hentry","category-news-es","tag-convocatoria-cuatrienal","tag-lideres-de-la-proxima-generacion"],"_links":{"self":[{"href":"https:\/\/awf.world\/es\/wp-json\/wp\/v2\/awf-news\/42818","targetHints":{"allow":["GET"]}}],"collection":[{"href":"https:\/\/awf.world\/es\/wp-json\/wp\/v2\/awf-news"}],"about":[{"href":"https:\/\/awf.world\/es\/wp-json\/wp\/v2\/types\/awf-news"}],"author":[{"embeddable":true,"href":"https:\/\/awf.world\/es\/wp-json\/wp\/v2\/users\/24"}],"wp:featuredmedia":[{"embeddable":true,"href":"https:\/\/awf.world\/es\/wp-json\/wp\/v2\/media\/42803"}],"wp:attachment":[{"href":"https:\/\/awf.world\/es\/wp-json\/wp\/v2\/media?parent=42818"}],"wp:term":[{"taxonomy":"category","embeddable":true,"href":"https:\/\/awf.world\/es\/wp-json\/wp\/v2\/categories?post=42818"},{"taxonomy":"post_tag","embeddable":true,"href":"https:\/\/awf.world\/es\/wp-json\/wp\/v2\/tags?post=42818"}],"curies":[{"name":"wp","href":"https:\/\/api.w.org\/{rel}","templated":true}]}}