{"id":42753,"date":"2026-01-14T19:45:56","date_gmt":"2026-01-14T22:45:56","guid":{"rendered":"https:\/\/awf.world\/?post_type=awf-news&#038;p=42753"},"modified":"2026-01-14T19:51:26","modified_gmt":"2026-01-14T22:51:26","slug":"celebrando-100-anos-de-la-alianza-en-peru","status":"publish","type":"awf-news","link":"https:\/\/awf.world\/es\/awf-news\/celebrando-100-anos-de-la-alianza-en-peru\/","title":{"rendered":"Un Legado de Fe, Servicio y Misi\u00f3n: Celebrando 100 A\u00f1os de la Alianza en Per\u00fa"},"content":{"rendered":"<p style=\"text-align: justify;\"><strong>De la llegada de tres misioneros en 1925 a las 420 congregaciones y 136.000 creyentes actuales, la ACyM en Per\u00fa celebra un centenario de siembra del evangelio y una misi\u00f3n fruct\u00edfera. Ahora nuestros hermanos est\u00e1n haciendo disc\u00edpulos de todas las naciones, enviando a 121 misioneros, renovados por la esperanza del Evangelio Cu\u00e1druple.<\/strong><\/p>\n<p>En mayo de 1925, tres misioneros llegaron al Per\u00fa con un prop\u00f3sito claro. Raymond Clark, Clyde Taylor y Benjamin Barton pisaron suelo peruano convencidos de que el evangelio pod\u00eda arraigar en lugares donde la iglesia a\u00fan no se hab\u00eda establecido. Sus primeros esfuerzos se desarrollaron en comunidades que se convertir\u00edan en el punto de partida de un movimiento que contin\u00faa hasta nuestros d\u00edas.<\/p>\n<p>Menos de un a\u00f1o despu\u00e9s, el 6 de junio de 1926, se estableci\u00f3 formalmente la primera iglesia de la <span style=\"text-decoration: underline;\"><a href=\"https:\/\/awf.world\/es\/country-description\/peru\/\" target=\"_blank\" rel=\"noopener\">Alianza Cristiana y Misionera (ACyM)<\/a><\/span> en Hu\u00e1nuco. A partir de esa congregaci\u00f3n, la Alianza en Per\u00fa inici\u00f3 una expansi\u00f3n constante, impulsada por la plantaci\u00f3n de iglesias, la formaci\u00f3n pastoral y la participaci\u00f3n misionera en todo el pa\u00eds.<\/p>\n<p>Cien a\u00f1os despu\u00e9s, la ACyM del Per\u00fa se re\u00fane con gratitud por lo construido a lo largo del tiempo. El centenario se celebr\u00f3 a lo largo de 2025 con tres celebraciones principales, cada una vinculada a un momento decisivo en la historia de la iglesia.<\/p>\n<p>La primera celebraci\u00f3n tuvo lugar en mayo en Cahuapanas, una comunidad de la Amazon\u00eda peruana donde se inici\u00f3 la labor misionera. Para muchos participantes, regresar a esta regi\u00f3n sirvi\u00f3 como recordatorio de los sacrificios de quienes trabajaron en condiciones dif\u00edciles para establecer la iglesia.<\/p>\n<p>En junio, l\u00edderes y congregaciones se reunieron en Hu\u00e1nuco, la ciudad donde se fund\u00f3 la primera iglesia de la Alianza. All\u00ed, pastores y miembros recordaron c\u00f3mo las congregaciones locales crecieron y se multiplicaron, convirti\u00e9ndose en centros de adoraci\u00f3n, discipulado y servicio.<\/p>\n<p>El centenario concluy\u00f3 el 1 de noviembre en Lima, en la Iglesia Pueblo Libre, una de las congregaciones de la Alianza m\u00e1s reconocidas del pa\u00eds. Representantes de todo el Per\u00fa se unieron a invitados internacionales de Latinoam\u00e9rica, Estados Unidos y Canad\u00e1, reflejando la comuni\u00f3n global que ha acompa\u00f1ado a la iglesia peruana a lo largo de su historia.<\/p>\n<p>Hoy, la Alianza en Per\u00fa cuenta con 420 congregaciones a nivel nacional con m\u00e1s de 136.000 miembros y ha enviado a 121 misioneros a servir m\u00e1s all\u00e1 de sus fronteras. Las iniciativas nacionales contin\u00faan moldeando el testimonio de la iglesia, incluyendo un proceso de capacitaci\u00f3n pastoral de tres a\u00f1os para l\u00edderes juveniles, un seminario b\u00edblico y teol\u00f3gico nacional de la Alianza que atiende a diez regiones y un programa de donaci\u00f3n voluntaria de sangre que ha proporcionado m\u00e1s de 14.000 unidades de sangre desde 2018, beneficiando a m\u00e1s de 42.000 pacientes.<\/p>\n<p>Durante las celebraciones, pastores con m\u00e1s de 35 a\u00f1os de ministerio recibieron reconocimiento por su servicio. Tambi\u00e9n se compartieron mensajes de l\u00edderes regionales e internacionales, incluyendo saludos de los l\u00edderes de la Alianza en Argentina y del Rev. Donald Scarrow, quien sirvi\u00f3 como misionero en Per\u00fa durante m\u00e1s de cuatro d\u00e9cadas.<\/p>\n<p>Al reflexionar sobre el centenario, el Rev. \u00c1ngel Barrientos, presidente de la Alianza del Per\u00fa, expres\u00f3: \u201cNuestra iglesia conmemora cien a\u00f1os de su fundaci\u00f3n en el Per\u00fa y nos retamos a reafirmar nuestra identidad aliancista, recordando que el mensaje del Evangelio Cu\u00e1druple sigue siendo fuente de esperanza y transformaci\u00f3n, vivido en la vida diaria y moldeando la sociedad\u201d.<\/p>\n<p>Durante celebraciones anteriores, voces de la iglesia peruana recordaron el costo de este legado. El Rev. Wilson Ch\u00e1vez dijo: \u201cSomos quienes hemos visto la tierra preparada con sufrimiento. Aqu\u00ed, donde naci\u00f3 la Alianza, se pag\u00f3 un alto precio. Cosechamos lo que otros sembraron\u201d.<\/p>\n<p>Al concluir el centenario, los l\u00edderes enfatizan que la conmemoraci\u00f3n no es el punto final. La iglesia ha definido su enfoque para los pr\u00f3ximos a\u00f1os: la evangelizaci\u00f3n y el discipulado, la formaci\u00f3n de nuevos pastores y l\u00edderes, y el ministerio con ni\u00f1os y familias. Desde sus inicios en 1925 hasta su misi\u00f3n actual, la ACyM del Per\u00fa contin\u00faa sirviendo con la misma convicci\u00f3n que forj\u00f3 sus primeros pasos.<\/p>\n","protected":false},"author":24,"featured_media":42752,"template":"","meta":{"inline_featured_image":false,"ngg_post_thumbnail":0,"_EventAllDay":false,"_EventTimezone":"","_EventStartDate":"","_EventEndDate":"","_EventStartDateUTC":"","_EventEndDateUTC":"","_EventShowMap":false,"_EventShowMapLink":false,"_EventURL":"","_EventCost":"","_EventCostDescription":"","_EventCurrencySymbol":"","_EventCurrencyCode":"","_EventCurrencyPosition":"","_EventDateTimeSeparator":"","_EventTimeRangeSeparator":"","_EventOrganizerID":[],"_EventVenueID":[],"_OrganizerEmail":"","_OrganizerPhone":"","_OrganizerWebsite":"","_VenueAddress":"","_VenueCity":"","_VenueCountry":"","_VenueProvince":"","_VenueState":"","_VenueZip":"","_VenuePhone":"","_VenueURL":"","_VenueStateProvince":"","_VenueLat":"","_VenueLng":"","_VenueShowMap":false,"_VenueShowMapLink":false},"categories":[99,34],"tags":[209,393],"class_list":["post-42753","awf-news","type-awf-news","status-publish","has-post-thumbnail","hentry","category-latin-america-es","category-news-es","tag-america-latina","tag-peru-es"],"_links":{"self":[{"href":"https:\/\/awf.world\/es\/wp-json\/wp\/v2\/awf-news\/42753","targetHints":{"allow":["GET"]}}],"collection":[{"href":"https:\/\/awf.world\/es\/wp-json\/wp\/v2\/awf-news"}],"about":[{"href":"https:\/\/awf.world\/es\/wp-json\/wp\/v2\/types\/awf-news"}],"author":[{"embeddable":true,"href":"https:\/\/awf.world\/es\/wp-json\/wp\/v2\/users\/24"}],"wp:featuredmedia":[{"embeddable":true,"href":"https:\/\/awf.world\/es\/wp-json\/wp\/v2\/media\/42752"}],"wp:attachment":[{"href":"https:\/\/awf.world\/es\/wp-json\/wp\/v2\/media?parent=42753"}],"wp:term":[{"taxonomy":"category","embeddable":true,"href":"https:\/\/awf.world\/es\/wp-json\/wp\/v2\/categories?post=42753"},{"taxonomy":"post_tag","embeddable":true,"href":"https:\/\/awf.world\/es\/wp-json\/wp\/v2\/tags?post=42753"}],"curies":[{"name":"wp","href":"https:\/\/api.w.org\/{rel}","templated":true}]}}