{"id":42332,"date":"2025-12-10T20:59:04","date_gmt":"2025-12-10T23:59:04","guid":{"rendered":"https:\/\/awf.world\/?post_type=awf-news&#038;p=42332"},"modified":"2026-01-05T18:01:36","modified_gmt":"2026-01-05T21:01:36","slug":"conoce-a-claude-pepin-bouyoba","status":"publish","type":"awf-news","link":"https:\/\/awf.world\/es\/awf-news\/conoce-a-claude-pepin-bouyoba\/","title":{"rendered":"Conoce a Claude P\u00e9pin Bouyoba, el Nuevo Presidente de la Alianza de Congo-Brazzaville"},"content":{"rendered":"<p style=\"text-align: justify;\"><strong>El Rev. Claude P\u00e9pin Bouyoba Loembe ha sido elegido presidente de la ACyM de Congo-Brazzaville. Descubra su historia, trayectoria ministerial y visi\u00f3n para la iglesia nacional como parte de la familia global de la Alianza.<\/strong><\/p>\n<p>La Confraternidad Mundial de la Alianza (AWF) se complace en presentar al Rev. Claude P\u00e9pin Bouyoba Loembe, nuevo presidente de la <span style=\"text-decoration: underline;\"><a href=\"https:\/\/awf.world\/es\/country-description\/republica-del-congo\/\" target=\"_blank\" rel=\"noopener\">Iglesia Alianza Cristiana y Misionera (ACyM) de Congo-Brazzaville<\/a><\/span>. Elegido durante la 10.\u00aa Asamblea General de la denominaci\u00f3n en septiembre de 2025 y oficialmente investido el 9 de noviembre, el Rev. Bouyoba asume un rol de liderazgo estrat\u00e9gico en un momento crucial de crecimiento y avance misionero para la iglesia en Congo-Brazzaville.<\/p>\n<p>Como presidente de la iglesia nacional, el Rev. Bouyoba aspira a guiar a la iglesia hacia una \u00e9poca de misi\u00f3n renovada y vitalidad espiritual. Su visi\u00f3n incluye:<\/p>\n<ul>\n<li>Guiar a los creyentes hacia una consagraci\u00f3n m\u00e1s profunda y un compromiso hol\u00edstico con Cristo.<\/li>\n<li>Fortalecimiento de la identidad misionera de la iglesia nacional.<\/li>\n<li>Fomentar el crecimiento espiritual y num\u00e9rico.<\/li>\n<li>Cultivar una cultura de discipulado, santidad y servicio.<\/li>\n<li>Ampliar el alcance de la iglesia dentro de Congo-Brazzaville y m\u00e1s all\u00e1.<\/li>\n<\/ul>\n<p>Su liderazgo busca alinear a la iglesia nacional con la misi\u00f3n global de la Confraternidad Mundial de la Alianza (AWF), fomentando la unidad y el impacto del evangelio en todas las regiones de la naci\u00f3n.<\/p>\n<p>Su liderazgo es reconocido por su perseverancia, su profunda fe y su pasi\u00f3n por la misi\u00f3n integral, cualidades que ahora dan forma a sus nuevas responsabilidades como presidente nacional de la iglesia.<\/p>\n<p>Nacido el 20 de febrero de 1968 en Pointe-Noire, Rep\u00fablica del Congo, Claude P\u00e9pin Bouyoba Loembe creci\u00f3 en una familia cristiana de nueve hijos, el quinto en orden de nacimiento. Pas\u00f3 sus primeros a\u00f1os en Makabana, un pueblo minero vinculado a la industria del manganeso COMILOG en Gab\u00f3n. Su crianza estuvo marcada tanto por las dificultades como por la herencia espiritual \u2014perdi\u00f3 a su madre en 1989 y a su padre en 1990\u2014, pero tambi\u00e9n por la gracia sustentadora de Dios.<\/p>\n<p>Su transformaci\u00f3n espiritual lleg\u00f3 en septiembre de 1999, cuando se encontr\u00f3 con Cristo en el pueblo minero gabon\u00e9s de Mounana, tras huir de la guerra civil del Congo. A pesar de soportar un a\u00f1o de extrema dificultad, experiment\u00f3 la obra salvadora de Dios y dedic\u00f3 su vida plenamente al Se\u00f1or.<\/p>\n<p>Al regresar a Congo-Brazzaville, el Rev. Bouyoba se uni\u00f3 a la Iglesia Alianza Cristiana y Misionera y complet\u00f3 dos a\u00f1os de formaci\u00f3n b\u00edblica. Se consagr\u00f3 como pastor en 2007, iniciando d\u00e9cadas de ministerio como plantador de iglesias, misionero y l\u00edder de servicio, comprometido con la expansi\u00f3n del evangelio en su pa\u00eds.<\/p>\n<p>El Rev. Bouyoba est\u00e1 casado con Christiane desde 1998. Son padres de siete hijos y forman una familia profundamente comprometida con la fe y el ministerio.<\/p>\n<p>Invita a la comunidad global de la Alianza a orar por la protecci\u00f3n de Dios sobre su vida, su familia y su ministerio; por sabidur\u00eda para dirigir la iglesia nacional en medio de muchos desaf\u00edos; por el crecimiento espiritual y la expansi\u00f3n de la misi\u00f3n dentro de la iglesia; y para que Dios ampl\u00ede la influencia y la eficacia de la Alianza.<\/p>\n<div class=\"host-bincmiainjofjnhchmcalkanjebghoen\" style=\"position: relative; z-index: 2147483647;\"><\/div>\n<div class=\"host-bincmiainjofjnhchmcalkanjebghoen\" style=\"position: relative; z-index: 2147483647;\"><\/div>\n","protected":false},"author":25,"featured_media":42231,"template":"","meta":{"inline_featured_image":false,"ngg_post_thumbnail":0,"_EventAllDay":false,"_EventTimezone":"","_EventStartDate":"","_EventEndDate":"","_EventStartDateUTC":"","_EventEndDateUTC":"","_EventShowMap":false,"_EventShowMapLink":false,"_EventURL":"","_EventCost":"","_EventCostDescription":"","_EventCurrencySymbol":"","_EventCurrencyCode":"","_EventCurrencyPosition":"","_EventDateTimeSeparator":"","_EventTimeRangeSeparator":"","_EventOrganizerID":[],"_EventVenueID":[],"_OrganizerEmail":"","_OrganizerPhone":"","_OrganizerWebsite":"","_VenueAddress":"","_VenueCity":"","_VenueCountry":"","_VenueProvince":"","_VenueState":"","_VenueZip":"","_VenuePhone":"","_VenueURL":"","_VenueStateProvince":"","_VenueLat":"","_VenueLng":"","_VenueShowMap":false,"_VenueShowMapLink":false},"categories":[285,34],"tags":[279],"class_list":["post-42332","awf-news","type-awf-news","status-publish","has-post-thumbnail","hentry","category-africa-es","category-news-es","tag-africa-es"],"_links":{"self":[{"href":"https:\/\/awf.world\/es\/wp-json\/wp\/v2\/awf-news\/42332","targetHints":{"allow":["GET"]}}],"collection":[{"href":"https:\/\/awf.world\/es\/wp-json\/wp\/v2\/awf-news"}],"about":[{"href":"https:\/\/awf.world\/es\/wp-json\/wp\/v2\/types\/awf-news"}],"author":[{"embeddable":true,"href":"https:\/\/awf.world\/es\/wp-json\/wp\/v2\/users\/25"}],"wp:featuredmedia":[{"embeddable":true,"href":"https:\/\/awf.world\/es\/wp-json\/wp\/v2\/media\/42231"}],"wp:attachment":[{"href":"https:\/\/awf.world\/es\/wp-json\/wp\/v2\/media?parent=42332"}],"wp:term":[{"taxonomy":"category","embeddable":true,"href":"https:\/\/awf.world\/es\/wp-json\/wp\/v2\/categories?post=42332"},{"taxonomy":"post_tag","embeddable":true,"href":"https:\/\/awf.world\/es\/wp-json\/wp\/v2\/tags?post=42332"}],"curies":[{"name":"wp","href":"https:\/\/api.w.org\/{rel}","templated":true}]}}