{"id":42325,"date":"2025-12-10T19:55:08","date_gmt":"2025-12-10T22:55:08","guid":{"rendered":"https:\/\/awf.world\/?post_type=awf-news&#038;p=42325"},"modified":"2026-01-05T17:55:55","modified_gmt":"2026-01-05T20:55:55","slug":"conoce-a-ivan-garcia","status":"publish","type":"awf-news","link":"https:\/\/awf.world\/es\/awf-news\/conoce-a-ivan-garcia\/","title":{"rendered":"Conoce a Iv\u00e1n Garc\u00eda, el Nuevo Presidente de la Alianza de Argentina"},"content":{"rendered":"<p style=\"text-align: justify;\"><strong>Con m\u00e1s de tres d\u00e9cadas de ministerio pastoral, un profundo compromiso con la formaci\u00f3n espiritual y un coraz\u00f3n por la unidad, el Rev. Iv\u00e1n Alfredo Garc\u00eda asume este rol de liderazgo con un claro sentido de llamado y prop\u00f3sito.<\/strong><\/p>\n<p>El Rev. Iv\u00e1n Garc\u00eda y su esposa comenzaron su ministerio pastoral hace 31 a\u00f1os, cuando fueron comisionados por el pastor F\u00e9lix Jim\u00e9nez para servir en Catriel, R\u00edo Negro, Argentina. Cinco a\u00f1os despu\u00e9s, fueron llamados a pastorear la congregaci\u00f3n de la ACyM en Paso de los Libres, Corrientes, iglesia fundada por el pastor Carmelo Terranova. Han servido fielmente a esa congregaci\u00f3n durante 26 a\u00f1os, guiando a generaciones de creyentes y fortaleciendo el testimonio de la iglesia en la regi\u00f3n.<\/p>\n<p>A lo largo de su ministerio, el Rev. Garc\u00eda ha sido moldeado por mentores y l\u00edderes clave, entre ellos los misioneros David y Betty Constance, y los pastores Eduardo Crema, F\u00e9lix y Graciela Jim\u00e9nez. Su dedicaci\u00f3n contribuy\u00f3 a consolidar su vocaci\u00f3n pastoral y su visi\u00f3n de liderazgo.<\/p>\n<p>Tambi\u00e9n sirvi\u00f3 durante aproximadamente 21 a\u00f1os en la Junta Nacional, un per\u00edodo que profundiz\u00f3 su amor por los pastores y por la iglesia en todo el pa\u00eds.<\/p>\n<p>Nacido en Neuqu\u00e9n, Argentina, el Rev. Garc\u00eda creci\u00f3 en un hogar profundamente influenciado por la fe de su madre, Santos del Carmen Pereira, cuyas oraciones moldearon la vida de sus seis hijos. Aunque pas\u00f3 sus primeros a\u00f1os vinculado a la iglesia bautista de Cipolletti, fue en 1977 que experiment\u00f3 un aut\u00e9ntico encuentro personal con Cristo, lo que marc\u00f3 el inicio de su verdadero camino espiritual.<\/p>\n<p>El Rev. Garc\u00eda se uni\u00f3 a la Alianza Cristiana y Misionera (ACyM) en 1982 en la ciudad de Cipolletti, R\u00edo Negro. Curs\u00f3 estudios teol\u00f3gicos en los centros de extensi\u00f3n del Instituto B\u00edblico Buenos Aires y continu\u00f3 desarrollando su formaci\u00f3n pastoral a lo largo de los a\u00f1os mediante cursos y estudios de seminario. Sin embargo, enfatiza que su disciplina m\u00e1s formativa ha sido la b\u00fasqueda diaria de la presencia de Dios y la gu\u00eda del Esp\u00edritu Santo a trav\u00e9s de las Escrituras.<\/p>\n<p>Se cas\u00f3 con Janina Per\u00e1n Young el 19 de diciembre de 1986. Juntos han criado cuatro hijos: Yenit Aileen (37), Pamela (35), Salom\u00e9 (30) e Iv\u00e1n Emanuel (28), quienes siguen su camino con Cristo. Su familia tambi\u00e9n ha crecido gracias al matrimonio de tres de sus hijos.<\/p>\n<p>El Rev. Garc\u00eda fue elegido presidente de la <span style=\"text-decoration: underline;\"><a href=\"https:\/\/awf.world\/es\/country-description\/argentina\/\" target=\"_blank\" rel=\"noopener\">ACyM de Argentina<\/a><\/span> durante la Asamblea Nacional del 1 de noviembre de 2025, donde los delegados reconocieron su madurez espiritual, su esp\u00edritu pastoral y su larga trayectoria de servicio a la denominaci\u00f3n. Cumplir\u00e1 un mandato de dos a\u00f1os, guiando la visi\u00f3n de la iglesia y fortaleciendo su ministerio en Argentina.<\/p>\n<p>\u201cMi prioridad ser\u00e1 trabajar por la unidad\u201d, dice el Rev. Garc\u00eda, \u201ccentr\u00e1ndome intencionalmente en el cuerpo pastoral: fortaleciendo las relaciones, fomentando la madurez espiritual y cultivando el car\u00e1cter de Cristo en cada uno de nosotros\u201d.<\/p>\n<p>\u00c9l considera que esta unidad es fundamental para cumplir la Gran Comisi\u00f3n. \u201cLa unidad\u201d, dice, \u201ces la base para cumplir el llamado de Mateo 24:14\u201d.<\/p>\n<p>El Rev. Garc\u00eda tambi\u00e9n anhela ver surgir una nueva generaci\u00f3n de pastores dentro de la Alianza, l\u00edderes formados por el car\u00e1cter de Cristo y apasionados por llevar el evangelio hasta los confines de la tierra.<\/p>\n<p>Pide a la familia global de la Alianza que ore por sabidur\u00eda al comenzar este nuevo ministerio, por los recursos humanos y financieros para servir a la iglesia nacional de manera efectiva, y para que Dios levante una nueva generaci\u00f3n de pastores comprometidos con la misi\u00f3n de Cristo.<\/p>\n<div class=\"host-bincmiainjofjnhchmcalkanjebghoen\" style=\"position: relative; z-index: 2147483647;\"><\/div>\n<div class=\"host-bincmiainjofjnhchmcalkanjebghoen\" style=\"position: relative; z-index: 2147483647;\"><\/div>\n","protected":false},"author":25,"featured_media":42223,"template":"","meta":{"inline_featured_image":false,"ngg_post_thumbnail":0,"_EventAllDay":false,"_EventTimezone":"","_EventStartDate":"","_EventEndDate":"","_EventStartDateUTC":"","_EventEndDateUTC":"","_EventShowMap":false,"_EventShowMapLink":false,"_EventURL":"","_EventCost":"","_EventCostDescription":"","_EventCurrencySymbol":"","_EventCurrencyCode":"","_EventCurrencyPosition":"","_EventDateTimeSeparator":"","_EventTimeRangeSeparator":"","_EventOrganizerID":[],"_EventVenueID":[],"_OrganizerEmail":"","_OrganizerPhone":"","_OrganizerWebsite":"","_VenueAddress":"","_VenueCity":"","_VenueCountry":"","_VenueProvince":"","_VenueState":"","_VenueZip":"","_VenuePhone":"","_VenueURL":"","_VenueStateProvince":"","_VenueLat":"","_VenueLng":"","_VenueShowMap":false,"_VenueShowMapLink":false},"categories":[99,34],"tags":[404,209],"class_list":["post-42325","awf-news","type-awf-news","status-publish","has-post-thumbnail","hentry","category-latin-america-es","category-news-es","tag-argentina-es","tag-america-latina"],"_links":{"self":[{"href":"https:\/\/awf.world\/es\/wp-json\/wp\/v2\/awf-news\/42325","targetHints":{"allow":["GET"]}}],"collection":[{"href":"https:\/\/awf.world\/es\/wp-json\/wp\/v2\/awf-news"}],"about":[{"href":"https:\/\/awf.world\/es\/wp-json\/wp\/v2\/types\/awf-news"}],"author":[{"embeddable":true,"href":"https:\/\/awf.world\/es\/wp-json\/wp\/v2\/users\/25"}],"wp:featuredmedia":[{"embeddable":true,"href":"https:\/\/awf.world\/es\/wp-json\/wp\/v2\/media\/42223"}],"wp:attachment":[{"href":"https:\/\/awf.world\/es\/wp-json\/wp\/v2\/media?parent=42325"}],"wp:term":[{"taxonomy":"category","embeddable":true,"href":"https:\/\/awf.world\/es\/wp-json\/wp\/v2\/categories?post=42325"},{"taxonomy":"post_tag","embeddable":true,"href":"https:\/\/awf.world\/es\/wp-json\/wp\/v2\/tags?post=42325"}],"curies":[{"name":"wp","href":"https:\/\/api.w.org\/{rel}","templated":true}]}}