{"id":42316,"date":"2025-12-11T11:12:47","date_gmt":"2025-12-11T14:12:47","guid":{"rendered":"https:\/\/awf.world\/?post_type=awf-news&#038;p=42316"},"modified":"2025-12-12T15:08:23","modified_gmt":"2025-12-12T18:08:23","slug":"primera-conferencia-de-mujeres-de-awf","status":"publish","type":"awf-news","link":"https:\/\/awf.world\/es\/awf-news\/primera-conferencia-de-mujeres-de-awf\/","title":{"rendered":"La Hist\u00f3rica Primera Conferencia de Mujeres de AWF Une a Hermanas de Todo el Mundo para Promover la Gran Comisi\u00f3n"},"content":{"rendered":"<p style=\"text-align: justify;\"><strong>La primera Conferencia Global de Mujeres de AWF reuni\u00f3 a 304 mujeres de todas las regiones de AWF en Costa de Marfil para adorar, capacitarse, compartir testimonios y fortalecerse con enfoque misionero. Descubra c\u00f3mo este evento hist\u00f3rico fortaleci\u00f3 la unidad global y moviliz\u00f3 a las mujeres para cumplir la Gran Comisi\u00f3n.<\/strong><\/p>\n<p>Mujeres de las cinco regiones de AWF se reunieron por primera vez en persona en una hist\u00f3rica conferencia global de mujeres, celebrada los d\u00edas 7 y 8 de octubre de 2025 en Yamoussoukro, Costa de Marfil. Este evento hist\u00f3rico reuni\u00f3 a 304 delegadas de \u00c1frica, Asia Pac\u00edfico, Latinoam\u00e9rica, Norteam\u00e9rica, Europa y Medio Oriente, uniendo a mujeres j\u00f3venes y mayores, esposas de pastores, misioneras, l\u00edderes y profesionales bajo una misi\u00f3n compartida: \u201cMujeres Unidas para Cumplir la Gran Comisi\u00f3n de Dios\u201d.<\/p>\n<p>Organizada en colaboraci\u00f3n con las mujeres l\u00edderes de Costa de Marfil, la Regi\u00f3n de \u00c1frica y el Equipo de los <span style=\"text-decoration: underline;\"><a href=\"https:\/\/awf.world\/es\/ministerios-de-mujeres-de-awf\/\" target=\"_blank\" rel=\"noopener\">Ministerios de Mujeres de AWF<\/a><\/span>, esta esperada reuni\u00f3n marc\u00f3 un punto de inflexi\u00f3n para el movimiento. Tras tres a\u00f1os de encuentros globales de mujeres en l\u00ednea, ya se hab\u00edan forjado amistades por Zoom, y el encuentro presencial llen\u00f3 el ambiente de celebraci\u00f3n, alegr\u00eda y un profundo sentido de unidad.<\/p>\n<p><strong>Una Conferencia Centrada en las Misiones<\/strong><\/p>\n<p>El tema de la conferencia coincidi\u00f3 plenamente con el compromiso global de la AWF de \u201cTerminar la Tarea\u201d. Las sesiones, talleres y momentos de adoraci\u00f3n se centraron en la evangelizaci\u00f3n, el discipulado, la oraci\u00f3n y el desarrollo del liderazgo, basados en Mateo 28:18-20.<\/p>\n<p>Uno de los momentos m\u00e1s impactantes fue la Jornada de Oraci\u00f3n, en la que las mujeres recorrieron zonas de Yamoussoukro, orando por los perdidos, por los pueblos no alcanzados y por todos los sectores de la sociedad. Muchas participantes testificaron que esto les abri\u00f3 los ojos para interceder con mayor intensidad por sus comunidades.<\/p>\n<p>Los talleres abordaron temas de liderazgo, cuidado pastoral, evangelismo y ministerio en el \u00e1mbito laboral, fortaleciendo a las mujeres a reconocer el llamado divino. J\u00f3venes l\u00edderes, esposas de pastores, misioneras y profesionales compartieron historias que inspiraron valent\u00eda, fe y acci\u00f3n.<\/p>\n<p>\u201cMe conmovi\u00f3 la ense\u00f1anza sobre el liderazgo. Dios puede usar a una persona insignificante para confundir a los sabios\u201d, dijo Suzanne Kini, de Burkina Faso.<\/p>\n<p>Durante el taller de Profesionales y Carrera, una hermana enfatiz\u00f3 que \u201cel lugar de trabajo es nuestro campo misionero\u201d.<\/p>\n<p>Isabel Freire de Muthre, de Ecuador, comparti\u00f3 c\u00f3mo Dios la impuls\u00f3 del aprendizaje a la acci\u00f3n durante la conferencia. \u201cTuve la bendici\u00f3n de participar en la Cuadrienal, especialmente en la primera conferencia mundial de mujeres\u201d, dijo. \u201cEl taller de Eunice Lumawag me impact\u00f3 profundamente. Fue pr\u00e1ctico, desafiante y despert\u00f3 una carga por los perdidos. Nos anim\u00f3 a escribir los nombres de dos o tres personas que no conocen a Dios, orar por ellas y preguntarnos: \u2018\u00bfQu\u00e9 har\u00edas para hablarle a esta persona sobre el amor de Dios?\u2019\u201d.<\/p>\n<p>\u201cEsto me impuls\u00f3 a actuar de inmediato\u201d, continu\u00f3 Isabel. \u201cInvit\u00e9 a una de esas personas a cenar y, al regresar de \u00c1frica, nos reunimos, compartimos una comida y compartimos la Palabra de Dios. Hoy, esa persona asiste a la iglesia con nosotras. Mi deseo es seguir animando a las mujeres de mi pa\u00eds y de toda Latinoam\u00e9rica a seguir cumpliendo la Gran Comisi\u00f3n\u201d, dijo Isabel.<\/p>\n<p>La historia de Isabel refleja exactamente lo que la conferencia esperaba lograr: equipar a las mujeres para que lleven el evangelio a sus c\u00edrculos personales de influencia.<\/p>\n<p><strong>Una Celebraci\u00f3n de la Cultura y la Adoraci\u00f3n<\/strong><\/p>\n<p>El culto en varios idiomas llen\u00f3 la reuni\u00f3n de belleza y libertad. La m\u00fasica, la danza y los testimonios de cada regi\u00f3n recordaron a las participantes la naturaleza global de la iglesia.<\/p>\n<p>\u201cLas hermanas africanas adoran con tanta pasi\u00f3n y libertad\u201d, dijo Filipinas Barrieses, de Filipinas. \u201cSus danzas, cantos y sentidas alabanzas me recordaron que la adoraci\u00f3n no tiene l\u00edmites. Es el lenguaje del coraz\u00f3n\u201d.<\/p>\n<p>La hospitalidad de las hermanas de Costa de Marfil marc\u00f3 profundamente a las delegadas.<\/p>\n<p>\u201cFueron muy acogedoras, hospitalarias y generosas. Fue una bendici\u00f3n conectar con hermanas de toda \u00c1frica, nuestras hermanas en Cristo\u201d, dijo Monika Breault, de Canad\u00e1.<\/p>\n<p><strong>Fortalecimiento de la Red Global<\/strong><\/p>\n<p>Durante el evento, las mujeres identificaron \u00e1reas ministeriales en las que se sintieron llamadas a servir: Liderazgo, Oraci\u00f3n y Misiones, Profesionales y Carrera, y Esposas de Pastores. Muchas formaron alianzas de oraci\u00f3n, intercambiaron informaci\u00f3n de contacto y se comprometieron a seguir apoyando.<\/p>\n<p>De cara al futuro, los equipos regionales de mujeres integrar\u00e1n jornadas de oraci\u00f3n y evangelizaci\u00f3n intencional en sus programas del 2026. El Equipo de los Ministerios de Mujeres de AWF planea visitar reuniones regionales para continuar fortaleciendo y equipando a las mujeres para la misi\u00f3n.<\/p>\n<p><strong>Avanzando Juntas<\/strong><\/p>\n<p>En esencia, esta conferencia hist\u00f3rica afirm\u00f3 que cada mujer tiene un papel vital en la misi\u00f3n de Dios.<\/p>\n<p>Una ilustraci\u00f3n compartida durante las sesiones de clausura capt\u00f3 esto maravillosamente: \u201cImagina un gran rompecabezas enmarcado con flores de todo el mundo. Cada pieza es \u00fanica. Sin una sola pieza, el cuadro est\u00e1 incompleto. As\u00ed es como Dios nos dise\u00f1\u00f3 como mujeres: cada una esencial para su misi\u00f3n\u201d.<\/p>\n<p>La primera Conferencia Global de Mujeres de AWF ha iniciado un movimiento global m\u00e1s profundo de mujeres que est\u00e1n comprometidas a orar, discipular, liderar y proclamar a Cristo hasta que la tarea est\u00e9 terminada.<\/p>\n","protected":false},"author":24,"featured_media":42298,"template":"","meta":{"inline_featured_image":false,"ngg_post_thumbnail":0,"_EventAllDay":false,"_EventTimezone":"","_EventStartDate":"","_EventEndDate":"","_EventStartDateUTC":"","_EventEndDateUTC":"","_EventShowMap":false,"_EventShowMapLink":false,"_EventURL":"","_EventCost":"","_EventCostDescription":"","_EventCurrencySymbol":"","_EventCurrencyCode":"","_EventCurrencyPosition":"","_EventDateTimeSeparator":"","_EventTimeRangeSeparator":"","_EventOrganizerID":[],"_EventVenueID":[],"_OrganizerEmail":"","_OrganizerPhone":"","_OrganizerWebsite":"","_VenueAddress":"","_VenueCity":"","_VenueCountry":"","_VenueProvince":"","_VenueState":"","_VenueZip":"","_VenuePhone":"","_VenueURL":"","_VenueStateProvince":"","_VenueLat":"","_VenueLng":"","_VenueShowMap":false,"_VenueShowMapLink":false},"categories":[930,34],"tags":[279,267],"class_list":["post-42316","awf-news","type-awf-news","status-publish","has-post-thumbnail","hentry","category-ministerio-de-mujeres","category-news-es","tag-africa-es","tag-ministerio-de-mujeres"],"_links":{"self":[{"href":"https:\/\/awf.world\/es\/wp-json\/wp\/v2\/awf-news\/42316","targetHints":{"allow":["GET"]}}],"collection":[{"href":"https:\/\/awf.world\/es\/wp-json\/wp\/v2\/awf-news"}],"about":[{"href":"https:\/\/awf.world\/es\/wp-json\/wp\/v2\/types\/awf-news"}],"author":[{"embeddable":true,"href":"https:\/\/awf.world\/es\/wp-json\/wp\/v2\/users\/24"}],"wp:featuredmedia":[{"embeddable":true,"href":"https:\/\/awf.world\/es\/wp-json\/wp\/v2\/media\/42298"}],"wp:attachment":[{"href":"https:\/\/awf.world\/es\/wp-json\/wp\/v2\/media?parent=42316"}],"wp:term":[{"taxonomy":"category","embeddable":true,"href":"https:\/\/awf.world\/es\/wp-json\/wp\/v2\/categories?post=42316"},{"taxonomy":"post_tag","embeddable":true,"href":"https:\/\/awf.world\/es\/wp-json\/wp\/v2\/tags?post=42316"}],"curies":[{"name":"wp","href":"https:\/\/api.w.org\/{rel}","templated":true}]}}